{"id":102505,"date":"2026-01-15T14:41:22","date_gmt":"2026-01-15T13:41:22","guid":{"rendered":"https:\/\/www.whistlelink.com\/?post_type=blog&#038;p=102505"},"modified":"2026-03-02T13:57:35","modified_gmt":"2026-03-02T12:57:35","slug":"centre-sur-lhumain-comment-instaurer-une-culture-de-la-parole","status":"publish","type":"blog","link":"https:\/\/www.whistlelink.com\/fr\/blog\/centre-sur-lhumain-comment-instaurer-une-culture-de-la-parole\/","title":{"rendered":"La culture de la parole : comment construire des organisations o\u00f9 chaque voix est entendue et prise en compte"},"content":{"rendered":"\n<p><em><em>Par <a href=\"https:\/\/www.linkedin.com\/in\/elisabeta-grigoriu-42158348\/\" target=\"_blank\" rel=\"noreferrer noopener\">Elisabeta Grigoriu<\/a> du cabinet d&rsquo;avocats Grigoriu C. Elisabeta, Roumanie &#8211; <a href=\"https:\/\/www.linkedin.com\/company\/the-human-centric\/\" target=\"_blank\" rel=\"noreferrer noopener\">The HUMAN CENTRIC<\/a><\/em><\/em><\/p>\n\n<h2 class=\"wp-block-heading\" id=\"h-introduction\">Introduction<\/h2>\n\n<p><strong>Elisabeta Grigoriu<\/strong>, fondatrice du <strong>cabinet d&rsquo;avocats Grigoriu C. Elisabeta<\/strong>, est convaincue que le leadership doit \u00eatre fond\u00e9 sur l&rsquo;\u00e9thique, et pas seulement sur la performance. Gr\u00e2ce \u00e0 son cabinet, Elisabeta aide les organisations \u00e0 renforcer leur conformit\u00e9 en donnant la priorit\u00e9 aux personnes. Avec l&rsquo;initiative <em>The HUMAN CENTRIC<\/em>, elle promeut un nouveau type de leadership &#8211; un leadership qui cr\u00e9e la confiance, la s\u00e9curit\u00e9 et le succ\u00e8s \u00e0 long terme.  <\/p>\n\n<p><br\/>Dans ce deuxi\u00e8me article d&rsquo;une s\u00e9rie de trois, elle donne des conseils pratiques sur la mani\u00e8re de cr\u00e9er des organisations \u00e9thiques et centr\u00e9es sur les personnes, en commen\u00e7ant par une v\u00e9ritable culture de la prise de parole.<\/p>\n\n<h2 class=\"wp-block-heading\" id=\"h-creating-a-speak-up-culture\">Cr\u00e9er une culture de la parole<\/h2>\n\n<p>Dans de nombreuses organisations, la culture de la parole est encore consid\u00e9r\u00e9 comme un slogan plut\u00f4t que comme un v\u00e9ritable engagement culturel. Pourtant, au-del\u00e0 des obligations l\u00e9gales ou de conformit\u00e9, une forte culture de la prise de parole est devenue un avantage strat\u00e9gique. Elle prot\u00e8ge l&rsquo;organisation et son personnel, renforce la confiance et permet aux individus de faire part de leurs pr\u00e9occupations avant qu&rsquo;elles ne d\u00e9g\u00e9n\u00e8rent en crise.  <\/p>\n\n<p>Pour cr\u00e9er une telle culture, il ne suffit pas d&rsquo;un beau document de politique g\u00e9n\u00e9rale. Elle exige des comportements de leadership, une communication ouverte et des processus qui rendent la prise de parole \u00e0 la fois s\u00fbre et efficace. <\/p>\n\n<p>Cet article propose des mesures pratiques aux responsables, aux \u00e9quipes de RH et de conformit\u00e9 pour cr\u00e9er et maintenir une culture dans laquelle les employ\u00e9s se sentent \u00e0 l&rsquo;aise pour exprimer leurs pr\u00e9occupations et ont confiance dans le fait que ces pr\u00e9occupations seront trait\u00e9es de mani\u00e8re s\u00e9rieuse et responsable.<\/p>\n\n<h2 class=\"wp-block-heading\" id=\"h-a-practical-guide-for-managers-hr-and-compliance-teams\">Un guide pratique pour les managers, les RH et les \u00e9quipes charg\u00e9es de la conformit\u00e9<\/h2>\n\n<p>L&rsquo;instauration d&rsquo;une culture de la prise de parole n&rsquo;est pas une initiative ponctuelle, mais un effort continu et collectif.<\/p>\n\n<h3 class=\"wp-block-heading\" id=\"h-1-communicate-the-purpose-and-the-process-clearly\">1. Communiquer clairement l&rsquo;objectif et le processus<\/h3>\n\n<p>La transparence cr\u00e9e la confiance et la sensibilisation est la premi\u00e8re \u00e9tape pour y parvenir. Les employ\u00e9s doivent comprendre pourquoi le processus de prise de parole existe et comment il fonctionne. Les politiques doivent \u00eatre expliqu\u00e9es pour \u00eatre comprises.  <\/p>\n\n<ul class=\"wp-block-list\">\n<li><strong>Raison d&rsquo;\u00eatre du processus :<\/strong> Les gens sont plus enclins \u00e0 s&rsquo;engager lorsqu&rsquo;ils comprennent l&rsquo;int\u00e9r\u00eat de faire part de leurs pr\u00e9occupations et la mani\u00e8re dont cela contribue \u00e0 un lieu de travail s\u00fbr et \u00e9thique.<\/li>\n\n\n\n<li><strong>Ce qui se passe une fois qu&rsquo;un rapport est soumis :<\/strong> La clart\u00e9 du flux de travail rassure les employ\u00e9s sur le fait que leurs pr\u00e9occupations seront examin\u00e9es de mani\u00e8re \u00e9quitable et ne seront pas ignor\u00e9es. Chacun doit comprendre que les repr\u00e9sailles sont strictement interdites. <\/li>\n\n\n\n<li><strong>Qui traite l&rsquo;information :<\/strong> Les \u00e9quipes ou les r\u00f4les responsables de la r\u00e9ception et de la gestion des pr\u00e9occupations doivent \u00eatre clairement communiqu\u00e9s.<\/li>\n\n\n\n<li><strong>La mani\u00e8re dont la confidentialit\u00e9 est maintenue : <\/strong>Les employ\u00e9s doivent avoir la certitude que leur identit\u00e9 et les informations les concernant seront prot\u00e9g\u00e9es \u00e0 chaque \u00e9tape du processus.<\/li>\n<\/ul>\n\n<div style=\"height:30px\" aria-hidden=\"true\" class=\"wp-block-spacer\"><\/div>\n\n<p>Une communication claire r\u00e9duit l&rsquo;incertitude et renforce l&rsquo;engagement de l&rsquo;organisation en faveur de la transparence et de l&rsquo;int\u00e9grit\u00e9.<\/p>\n\n<h3 class=\"wp-block-heading\" id=\"h-2-train-managers-to-handle-concerns-effectively\">2. Former les gestionnaires \u00e0 g\u00e9rer efficacement les probl\u00e8mes<\/h3>\n\n<p>Les cadres sont souvent le premier point de contact en cas de probl\u00e8me. Leur comportement peut soit encourager une culture d&rsquo;ouverture, soit la faire dispara\u00eetre compl\u00e8tement, d&rsquo;o\u00f9 l&rsquo;importance de leur r\u00f4le. <\/p>\n\n<p><strong>\u00c0 FAIRE : Les comportements cl\u00e9s que les managers doivent ma\u00eetriser<\/strong><\/p>\n\n<p>\u2714 Encourager les gens \u00e0 se manifester et reconnaisser le courage qu&rsquo;il faut pour parler. Jouer le r\u00f4le de mod\u00e8le. <br\/>\u2714 \u00c9couter activement, sans jugement ni interruption.<br\/>\u2714 \u00c9viter de faire des promesses que vous ne pourrez pas tenir.<br\/>\u2714 Documenter les probl\u00e8mes de mani\u00e8re pr\u00e9cise.<br\/>\u2714 Faire remonter les probl\u00e8mes par les voies appropri\u00e9es.<br\/>\u2714 Assurer un suivi respectueux, et uniquement avec les conseils de l&rsquo;\u00e9quipe charg\u00e9e de la conformit\u00e9.<\/p>\n\n<div style=\"height:20px\" aria-hidden=\"true\" class=\"wp-block-spacer\"><\/div>\n\n<p><strong>\u00c0 NE PAS FAIRE : Ce que les managers ne doivent jamais faire<\/strong><\/p>\n\n<p>\u2718 Rejeter ou minimiser les pr\u00e9occupations.<br\/>\u2718 R\u00e9interpr\u00e9ter les informations sur la base d&rsquo;opinions personnelles.<br\/>\u2718 Tenter d&rsquo;enqu\u00eater par eux-m\u00eames.<br\/>\u2718 Exercer des repr\u00e9sailles ou permettre des repr\u00e9sailles.<br\/>\u2718 Divulguer inutilement des informations.<br\/>\u2718 Ignorer la n\u00e9cessit\u00e9 d&rsquo;un suivi.<\/p>\n\n<div style=\"height:20px\" aria-hidden=\"true\" class=\"wp-block-spacer\"><\/div>\n\n<p>Les managers donnent le ton. Lorsqu&rsquo;ils traitent les probl\u00e8mes de mani\u00e8re coh\u00e9rente et respectueuse, les employ\u00e9s se sentent plus en s\u00e9curit\u00e9 lorsqu&rsquo;ils soul\u00e8vent des questions. <\/p>\n\n<h3 class=\"wp-block-heading\" id=\"h-3-build-safe-and-accessible-reporting-channels\">3. Mettre en place des canaux signalement s\u00fbrs et accessibles<\/h3>\n\n<p>Un processus de la prise de parole n&rsquo;est efficace que si les employ\u00e9s savent comment l&rsquo;utiliser et se sentent \u00e0 l&rsquo;aise pour le faire.<\/p>\n\n<h4 class=\"wp-block-heading\" id=\"h-make-the-process-simple\"><strong>Simplifier le processus<\/strong><\/h4>\n\n<p>Utiliser un langage simple, des \u00e9tapes clairement d\u00e9finies et des outils accessibles. Si le processus semble complexe ou obscur, les gens h\u00e9siteront \u00e0 s&rsquo;y engager. <\/p>\n\n<h4 class=\"wp-block-heading\" id=\"h-offer-multiple-reporting-options\"><strong>Offrir de multiples options de rapport<\/strong><\/h4>\n\n<p>Le choix augmente l&rsquo;accessibilit\u00e9 et le confort. Toutefois, veillez \u00e0 ce que les informations soient claires afin d&rsquo;\u00e9viter toute confusion. Pensez-y :  <\/p>\n\n<ul class=\"wp-block-list\">\n<li>Une hotline interne confidentielle<\/li>\n\n\n\n<li>Une plateforme de signalement num\u00e9rique<\/li>\n\n\n\n<li>Rattachement direct \u00e0 un sup\u00e9rieur hi\u00e9rarchique, aux RH ou au service de la conformit\u00e9<\/li>\n\n\n\n<li>Rapports anonymes (lorsque cela est autoris\u00e9)<\/li>\n\n\n\n<li>Id\u00e9alement, un responsable de la culture de la prise de parole d\u00e9sign\u00e9<\/li>\n<\/ul>\n\n<h4 class=\"wp-block-heading\" id=\"h-ensure-psychological-safety\"><strong>Assurer la s\u00e9curit\u00e9 psychologique<\/strong><\/h4>\n\n<p>La s\u00e9curit\u00e9 psychologique est \u00e9galement au c\u0153ur d&rsquo;une culture et d&rsquo;une organisation de la prise de parole saines.<\/p>\n\n<ul class=\"wp-block-list\">\n<li>Communiquer clairement que les repr\u00e9sailles ne seront pas tol\u00e9r\u00e9es<\/li>\n\n\n\n<li>Former les managers \u00e0 r\u00e9pondre de mani\u00e8re impartiale et sans pr\u00e9jug\u00e9s<\/li>\n\n\n\n<li>Rassurer les employ\u00e9s sur le respect de la confidentialit\u00e9 \u00e0 chaque \u00e9tape<\/li>\n<\/ul>\n\n<div style=\"height:20px\" aria-hidden=\"true\" class=\"wp-block-spacer\"><\/div>\n\n<p>Lorsque les employ\u00e9s savent qu&rsquo;ils sont prot\u00e9g\u00e9s, ils sont plus enclins \u00e0 se manifester rapidement, ce qui permet de r\u00e9soudre les probl\u00e8mes avant qu&rsquo;ils ne s&rsquo;aggravent.<\/p>\n\n<h3 class=\"wp-block-heading\" id=\"h-4-respond-quickly-and-fairly\">4. R\u00e9pondre rapidement et \u00e9quitablement<\/h3>\n\n<p>Les pr\u00e9occupations ne doivent jamais dispara\u00eetre dans le vide. Une r\u00e9ponse rapide et coh\u00e9rente d\u00e9montre l&rsquo;engagement et renforce la confiance. Les organisations doivent veiller \u00e0  <\/p>\n\n<ul class=\"wp-block-list\">\n<li>Accus\u00e9 de r\u00e9ception rapide des rapports<\/li>\n\n\n\n<li>\u00c9valuation impartiale et objective<\/li>\n\n\n\n<li>Communication transparente des prochaines \u00e9tapes, dans le respect de la confidentialit\u00e9<\/li>\n\n\n\n<li>Des r\u00e9sultats \u00e9quitables et coh\u00e9rents<\/li>\n\n\n\n<li>Une protection permanente contre les repr\u00e9sailles tout au long de la proc\u00e9dure et apr\u00e8s celle-ci<\/li>\n<\/ul>\n\n<h2 class=\"wp-block-heading\" id=\"h-leadership-sets-the-tone\">La direction donne le ton<\/h2>\n\n<p>Une culture de la prise de parole est en fin de compte un choix de leadership. Les dirigeants doivent donner l&rsquo;exemple des comportements qu&rsquo;ils attendent des autres en \u00e9coutant activement, en r\u00e9pondant de mani\u00e8re responsable et en soutenant ceux qui soul\u00e8vent des probl\u00e8mes. <\/p>\n\n<p>Lorsque les gens se sentent entendus et voient que des mesures concr\u00e8tes sont prises, l&rsquo;organisation renforce \u00e0 la fois ses fondements \u00e9thiques et son avantage concurrentiel. Une v\u00e9ritable culture de la prise de parole devient non seulement une exigence de conformit\u00e9, mais aussi la marque d&rsquo;une forte image de marque de l&#8217;employeur. <\/p>\n\n<h2 class=\"wp-block-heading\" id=\"h-more-on-this-topic\">Plus d&rsquo;informations sur ce sujet<\/h2>\n\n<p>Si ce sujet vous int\u00e9resse, ne manquez pas la <strong>partie 1<\/strong>: <a href=\"https:\/\/www.whistlelink.com\/fr\/blog\/redefinir-le-leadership-en-mettant-lhumain-au-centre\/\" target=\"_blank\" rel=\"noreferrer noopener\">Red\u00e9finir le leadership<\/a> et <strong>Partie 3<\/strong>: <a href=\"https:\/\/www.whistlelink.com\/fr\/blog\/humain-au-centre-liste-de-controle\/\" target=\"_blank\" rel=\"noreferrer noopener\">Liste de contr\u00f4le pour la mise en \u0153uvre de la prise de parole de<\/a> la s\u00e9rie d&rsquo;Elisabeta Grigoriu sur l&rsquo;\u00e9thique et le leadership.<\/p>\n\n<p>Pour en savoir plus sur les services juridiques d&rsquo;Elisabeta Grigoriu et sur l&rsquo;initiative <em>The HUMAN CENTRIC<\/em>, veuillez consulter le site suivant  <a href=\"https:\/\/thehumancentric.eu\/\"><strong>thehumancentric.eu &#8211; Les personnes. L&rsquo;\u00e9thique. Les donn\u00e9es.  <\/strong><\/a><\/p>\n","protected":false},"excerpt":{"rendered":"<p>Par Elisabeta Grigoriu du cabinet d&rsquo;avocats Grigoriu C. Elisabeta, Roumanie &#8211; The HUMAN CENTRIC Introduction Elisabeta Grigoriu, fondatrice du cabinet d&rsquo;avocats Grigoriu C. Elisabeta, est convaincue que le leadership doit \u00eatre fond\u00e9 sur l&rsquo;\u00e9thique, et pas seulement sur la performance. Gr\u00e2ce \u00e0 son cabinet, Elisabeta aide les organisations \u00e0 renforcer leur conformit\u00e9 en donnant la [&hellip;]<\/p>\n","protected":false},"featured_media":102439,"template":"","format":"standard","blog-category":[229],"class_list":["post-102505","blog","type-blog","status-publish","format-standard","has-post-thumbnail","hentry","blog-category-partenaires"],"yoast_head":"<!-- This site is optimized with the Yoast SEO Premium plugin v27.3 (Yoast SEO v27.4) - https:\/\/yoast.com\/product\/yoast-seo-premium-wordpress\/ -->\n<title>L&#039;approche centr\u00e9e sur l&#039;humain : comment instaurer une culture de la parole - Whistlelink.<\/title>\n<meta name=\"description\" content=\"The HUMAN CENTRIC : Elisabeta Grigoriu explique comment instaurer une v\u00e9ritable culture de la prise de parole gr\u00e2ce \u00e0 la confiance, \u00e0 la formation et \u00e0 des processus clairs.\" \/>\n<meta name=\"robots\" content=\"index, follow, max-snippet:-1, max-image-preview:large, max-video-preview:-1\" \/>\n<link rel=\"canonical\" href=\"https:\/\/www.whistlelink.com\/fr\/blog\/centre-sur-lhumain-comment-instaurer-une-culture-de-la-parole\/\" \/>\n<meta property=\"og:locale\" content=\"fr_FR\" \/>\n<meta property=\"og:type\" content=\"article\" \/>\n<meta property=\"og:title\" content=\"La culture de la parole : comment construire des organisations o\u00f9 chaque voix est entendue et prise en compte\" \/>\n<meta property=\"og:description\" content=\"The HUMAN CENTRIC : Elisabeta Grigoriu explique comment instaurer une v\u00e9ritable culture de la prise de parole gr\u00e2ce \u00e0 la confiance, \u00e0 la formation et \u00e0 des processus clairs.\" \/>\n<meta property=\"og:url\" content=\"https:\/\/www.whistlelink.com\/fr\/blog\/centre-sur-lhumain-comment-instaurer-une-culture-de-la-parole\/\" \/>\n<meta property=\"og:site_name\" content=\"Whistlelink\" \/>\n<meta property=\"article:publisher\" content=\"https:\/\/www.facebook.com\/whistlelink\/\" \/>\n<meta property=\"article:modified_time\" content=\"2026-03-02T12:57:35+00:00\" \/>\n<meta property=\"og:image\" content=\"https:\/\/www.whistlelink.com\/wp-content\/uploads\/2026\/01\/The-human-centric.png\" \/>\n\t<meta property=\"og:image:width\" content=\"1200\" \/>\n\t<meta property=\"og:image:height\" content=\"628\" \/>\n\t<meta property=\"og:image:type\" content=\"image\/png\" \/>\n<meta name=\"twitter:card\" content=\"summary_large_image\" \/>\n<meta name=\"twitter:label1\" content=\"Dur\u00e9e de lecture estim\u00e9e\" \/>\n\t<meta name=\"twitter:data1\" content=\"6 minutes\" \/>\n<script type=\"application\/ld+json\" class=\"yoast-schema-graph\">{\"@context\":\"https:\\\/\\\/schema.org\",\"@graph\":[{\"@type\":\"WebPage\",\"@id\":\"https:\\\/\\\/www.whistlelink.com\\\/fr\\\/blog\\\/centre-sur-lhumain-comment-instaurer-une-culture-de-la-parole\\\/\",\"url\":\"https:\\\/\\\/www.whistlelink.com\\\/fr\\\/blog\\\/centre-sur-lhumain-comment-instaurer-une-culture-de-la-parole\\\/\",\"name\":\"L'approche centr\u00e9e sur l'humain : comment instaurer une culture de la parole - Whistlelink.\",\"isPartOf\":{\"@id\":\"https:\\\/\\\/www.whistlelink.com\\\/fr\\\/#website\"},\"primaryImageOfPage\":{\"@id\":\"https:\\\/\\\/www.whistlelink.com\\\/fr\\\/blog\\\/centre-sur-lhumain-comment-instaurer-une-culture-de-la-parole\\\/#primaryimage\"},\"image\":{\"@id\":\"https:\\\/\\\/www.whistlelink.com\\\/fr\\\/blog\\\/centre-sur-lhumain-comment-instaurer-une-culture-de-la-parole\\\/#primaryimage\"},\"thumbnailUrl\":\"https:\\\/\\\/www.whistlelink.com\\\/wp-content\\\/uploads\\\/2026\\\/01\\\/The-human-centric.png\",\"datePublished\":\"2026-01-15T13:41:22+00:00\",\"dateModified\":\"2026-03-02T12:57:35+00:00\",\"description\":\"The HUMAN CENTRIC : Elisabeta Grigoriu explique comment instaurer une v\u00e9ritable culture de la prise de parole gr\u00e2ce \u00e0 la confiance, \u00e0 la formation et \u00e0 des processus clairs.\",\"breadcrumb\":{\"@id\":\"https:\\\/\\\/www.whistlelink.com\\\/fr\\\/blog\\\/centre-sur-lhumain-comment-instaurer-une-culture-de-la-parole\\\/#breadcrumb\"},\"inLanguage\":\"fr-FR\",\"potentialAction\":[{\"@type\":\"ReadAction\",\"target\":[\"https:\\\/\\\/www.whistlelink.com\\\/fr\\\/blog\\\/centre-sur-lhumain-comment-instaurer-une-culture-de-la-parole\\\/\"]}]},{\"@type\":\"ImageObject\",\"inLanguage\":\"fr-FR\",\"@id\":\"https:\\\/\\\/www.whistlelink.com\\\/fr\\\/blog\\\/centre-sur-lhumain-comment-instaurer-une-culture-de-la-parole\\\/#primaryimage\",\"url\":\"https:\\\/\\\/www.whistlelink.com\\\/wp-content\\\/uploads\\\/2026\\\/01\\\/The-human-centric.png\",\"contentUrl\":\"https:\\\/\\\/www.whistlelink.com\\\/wp-content\\\/uploads\\\/2026\\\/01\\\/The-human-centric.png\",\"width\":1200,\"height\":628,\"caption\":\"Elisabeta Grigoriu de l'initiative Human Centric, Roumanie.\"},{\"@type\":\"BreadcrumbList\",\"@id\":\"https:\\\/\\\/www.whistlelink.com\\\/fr\\\/blog\\\/centre-sur-lhumain-comment-instaurer-une-culture-de-la-parole\\\/#breadcrumb\",\"itemListElement\":[{\"@type\":\"ListItem\",\"position\":1,\"name\":\"Home\",\"item\":\"https:\\\/\\\/www.whistlelink.com\\\/fr\\\/\"},{\"@type\":\"ListItem\",\"position\":2,\"name\":\"Blog\",\"item\":\"https:\\\/\\\/www.whistlelink.com\\\/fr\\\/blog\\\/\"},{\"@type\":\"ListItem\",\"position\":3,\"name\":\"La culture de la parole : comment construire des organisations o\u00f9 chaque voix est entendue et prise en compte\"}]},{\"@type\":\"WebSite\",\"@id\":\"https:\\\/\\\/www.whistlelink.com\\\/fr\\\/#website\",\"url\":\"https:\\\/\\\/www.whistlelink.com\\\/fr\\\/\",\"name\":\"Whistlelink\",\"description\":\"A trusted provider of secure whistleblowing solutions.\",\"publisher\":{\"@id\":\"https:\\\/\\\/www.whistlelink.com\\\/fr\\\/#organization\"},\"potentialAction\":[{\"@type\":\"SearchAction\",\"target\":{\"@type\":\"EntryPoint\",\"urlTemplate\":\"https:\\\/\\\/www.whistlelink.com\\\/fr\\\/?s={search_term_string}\"},\"query-input\":{\"@type\":\"PropertyValueSpecification\",\"valueRequired\":true,\"valueName\":\"search_term_string\"}}],\"inLanguage\":\"fr-FR\"},{\"@type\":\"Organization\",\"@id\":\"https:\\\/\\\/www.whistlelink.com\\\/fr\\\/#organization\",\"name\":\"Whistlelink\",\"url\":\"https:\\\/\\\/www.whistlelink.com\\\/fr\\\/\",\"logo\":{\"@type\":\"ImageObject\",\"inLanguage\":\"fr-FR\",\"@id\":\"https:\\\/\\\/www.whistlelink.com\\\/fr\\\/#\\\/schema\\\/logo\\\/image\\\/\",\"url\":\"https:\\\/\\\/www.whistlelink.com\\\/wp-content\\\/uploads\\\/2021\\\/07\\\/WhistlelinkLogoEmail.png\",\"contentUrl\":\"https:\\\/\\\/www.whistlelink.com\\\/wp-content\\\/uploads\\\/2021\\\/07\\\/WhistlelinkLogoEmail.png\",\"width\":704,\"height\":75,\"caption\":\"Whistlelink\"},\"image\":{\"@id\":\"https:\\\/\\\/www.whistlelink.com\\\/fr\\\/#\\\/schema\\\/logo\\\/image\\\/\"},\"sameAs\":[\"https:\\\/\\\/www.facebook.com\\\/whistlelink\\\/\",\"https:\\\/\\\/www.linkedin.com\\\/company\\\/whistlelink\\\/\",\"https:\\\/\\\/vimeo.com\\\/user152082481\"]}]}<\/script>\n<!-- \/ Yoast SEO Premium plugin. -->","yoast_head_json":{"title":"L'approche centr\u00e9e sur l'humain : comment instaurer une culture de la parole - Whistlelink.","description":"The HUMAN CENTRIC : Elisabeta Grigoriu explique comment instaurer une v\u00e9ritable culture de la prise de parole gr\u00e2ce \u00e0 la confiance, \u00e0 la formation et \u00e0 des processus clairs.","robots":{"index":"index","follow":"follow","max-snippet":"max-snippet:-1","max-image-preview":"max-image-preview:large","max-video-preview":"max-video-preview:-1"},"canonical":"https:\/\/www.whistlelink.com\/fr\/blog\/centre-sur-lhumain-comment-instaurer-une-culture-de-la-parole\/","og_locale":"fr_FR","og_type":"article","og_title":"La culture de la parole : comment construire des organisations o\u00f9 chaque voix est entendue et prise en compte","og_description":"The HUMAN CENTRIC : Elisabeta Grigoriu explique comment instaurer une v\u00e9ritable culture de la prise de parole gr\u00e2ce \u00e0 la confiance, \u00e0 la formation et \u00e0 des processus clairs.","og_url":"https:\/\/www.whistlelink.com\/fr\/blog\/centre-sur-lhumain-comment-instaurer-une-culture-de-la-parole\/","og_site_name":"Whistlelink","article_publisher":"https:\/\/www.facebook.com\/whistlelink\/","article_modified_time":"2026-03-02T12:57:35+00:00","og_image":[{"width":1200,"height":628,"url":"https:\/\/www.whistlelink.com\/wp-content\/uploads\/2026\/01\/The-human-centric.png","type":"image\/png"}],"twitter_card":"summary_large_image","twitter_misc":{"Dur\u00e9e de lecture estim\u00e9e":"6 minutes"},"schema":{"@context":"https:\/\/schema.org","@graph":[{"@type":"WebPage","@id":"https:\/\/www.whistlelink.com\/fr\/blog\/centre-sur-lhumain-comment-instaurer-une-culture-de-la-parole\/","url":"https:\/\/www.whistlelink.com\/fr\/blog\/centre-sur-lhumain-comment-instaurer-une-culture-de-la-parole\/","name":"L'approche centr\u00e9e sur l'humain : comment instaurer une culture de la parole - Whistlelink.","isPartOf":{"@id":"https:\/\/www.whistlelink.com\/fr\/#website"},"primaryImageOfPage":{"@id":"https:\/\/www.whistlelink.com\/fr\/blog\/centre-sur-lhumain-comment-instaurer-une-culture-de-la-parole\/#primaryimage"},"image":{"@id":"https:\/\/www.whistlelink.com\/fr\/blog\/centre-sur-lhumain-comment-instaurer-une-culture-de-la-parole\/#primaryimage"},"thumbnailUrl":"https:\/\/www.whistlelink.com\/wp-content\/uploads\/2026\/01\/The-human-centric.png","datePublished":"2026-01-15T13:41:22+00:00","dateModified":"2026-03-02T12:57:35+00:00","description":"The HUMAN CENTRIC : Elisabeta Grigoriu explique comment instaurer une v\u00e9ritable culture de la prise de parole gr\u00e2ce \u00e0 la confiance, \u00e0 la formation et \u00e0 des processus clairs.","breadcrumb":{"@id":"https:\/\/www.whistlelink.com\/fr\/blog\/centre-sur-lhumain-comment-instaurer-une-culture-de-la-parole\/#breadcrumb"},"inLanguage":"fr-FR","potentialAction":[{"@type":"ReadAction","target":["https:\/\/www.whistlelink.com\/fr\/blog\/centre-sur-lhumain-comment-instaurer-une-culture-de-la-parole\/"]}]},{"@type":"ImageObject","inLanguage":"fr-FR","@id":"https:\/\/www.whistlelink.com\/fr\/blog\/centre-sur-lhumain-comment-instaurer-une-culture-de-la-parole\/#primaryimage","url":"https:\/\/www.whistlelink.com\/wp-content\/uploads\/2026\/01\/The-human-centric.png","contentUrl":"https:\/\/www.whistlelink.com\/wp-content\/uploads\/2026\/01\/The-human-centric.png","width":1200,"height":628,"caption":"Elisabeta Grigoriu de l'initiative Human Centric, Roumanie."},{"@type":"BreadcrumbList","@id":"https:\/\/www.whistlelink.com\/fr\/blog\/centre-sur-lhumain-comment-instaurer-une-culture-de-la-parole\/#breadcrumb","itemListElement":[{"@type":"ListItem","position":1,"name":"Home","item":"https:\/\/www.whistlelink.com\/fr\/"},{"@type":"ListItem","position":2,"name":"Blog","item":"https:\/\/www.whistlelink.com\/fr\/blog\/"},{"@type":"ListItem","position":3,"name":"La culture de la parole : comment construire des organisations o\u00f9 chaque voix est entendue et prise en compte"}]},{"@type":"WebSite","@id":"https:\/\/www.whistlelink.com\/fr\/#website","url":"https:\/\/www.whistlelink.com\/fr\/","name":"Whistlelink","description":"A trusted provider of secure whistleblowing solutions.","publisher":{"@id":"https:\/\/www.whistlelink.com\/fr\/#organization"},"potentialAction":[{"@type":"SearchAction","target":{"@type":"EntryPoint","urlTemplate":"https:\/\/www.whistlelink.com\/fr\/?s={search_term_string}"},"query-input":{"@type":"PropertyValueSpecification","valueRequired":true,"valueName":"search_term_string"}}],"inLanguage":"fr-FR"},{"@type":"Organization","@id":"https:\/\/www.whistlelink.com\/fr\/#organization","name":"Whistlelink","url":"https:\/\/www.whistlelink.com\/fr\/","logo":{"@type":"ImageObject","inLanguage":"fr-FR","@id":"https:\/\/www.whistlelink.com\/fr\/#\/schema\/logo\/image\/","url":"https:\/\/www.whistlelink.com\/wp-content\/uploads\/2021\/07\/WhistlelinkLogoEmail.png","contentUrl":"https:\/\/www.whistlelink.com\/wp-content\/uploads\/2021\/07\/WhistlelinkLogoEmail.png","width":704,"height":75,"caption":"Whistlelink"},"image":{"@id":"https:\/\/www.whistlelink.com\/fr\/#\/schema\/logo\/image\/"},"sameAs":["https:\/\/www.facebook.com\/whistlelink\/","https:\/\/www.linkedin.com\/company\/whistlelink\/","https:\/\/vimeo.com\/user152082481"]}]}},"_links":{"self":[{"href":"https:\/\/www.whistlelink.com\/fr\/wp-json\/wp\/v2\/blog\/102505","targetHints":{"allow":["GET"]}}],"collection":[{"href":"https:\/\/www.whistlelink.com\/fr\/wp-json\/wp\/v2\/blog"}],"about":[{"href":"https:\/\/www.whistlelink.com\/fr\/wp-json\/wp\/v2\/types\/blog"}],"version-history":[{"count":5,"href":"https:\/\/www.whistlelink.com\/fr\/wp-json\/wp\/v2\/blog\/102505\/revisions"}],"predecessor-version":[{"id":103169,"href":"https:\/\/www.whistlelink.com\/fr\/wp-json\/wp\/v2\/blog\/102505\/revisions\/103169"}],"wp:featuredmedia":[{"embeddable":true,"href":"https:\/\/www.whistlelink.com\/fr\/wp-json\/wp\/v2\/media\/102439"}],"wp:attachment":[{"href":"https:\/\/www.whistlelink.com\/fr\/wp-json\/wp\/v2\/media?parent=102505"}],"wp:term":[{"taxonomy":"blog-category","embeddable":true,"href":"https:\/\/www.whistlelink.com\/fr\/wp-json\/wp\/v2\/blog-category?post=102505"}],"curies":[{"name":"wp","href":"https:\/\/api.w.org\/{rel}","templated":true}]}}