{"id":15059,"date":"2021-06-01T13:30:11","date_gmt":"2021-06-01T12:30:11","guid":{"rendered":"https:\/\/www.whistlelink.com\/?post_type=blog&#038;p=15059"},"modified":"2022-03-03T15:46:09","modified_gmt":"2022-03-03T15:46:09","slug":"letat-du-lancement-dalertes-dans-le-journalisme-italien","status":"publish","type":"blog","link":"https:\/\/www.whistlelink.com\/fr\/blog\/letat-du-lancement-dalertes-dans-le-journalisme-italien\/","title":{"rendered":"L\u2019\u00e9tat du lancement d\u2019alertes dans le journalisme italien"},"content":{"rendered":"\n<h4 class=\"wp-block-heading\">Nous rencontrons Gianluca Paolucci, journaliste italien, r\u00e9dacteur en chef adjoint de notre nouveau partenaire, <a href=\"https:\/\/www.lastampa.it\/topnews\/firme\/dietro-le-quinte-della-finanza\" target=\"_blank\" rel=\"noopener\">Dietro le quinte della finanza<\/a>. Une colonne dans le journal quotidien italien La Stampa.<\/h4>\n\n\n\n<h4 class=\"wp-block-heading\">D\u00e9couvrez ses r\u00e9flexions sur l\u2019\u00e9tat actuel du lancement d\u2019alertes dans le journalisme italien, ce que cela signifie pour lui et le partenariat avec Whistlelink.<\/h4>\n\n\n\n<h3 class=\"wp-block-heading\">Q. Quel est l\u2019\u00e9tat actuel du lancement d\u2019alertes dans le journalisme italien ?<\/h3>\n\n\n\n<p>R. C\u2019est encore un outil peu utilis\u00e9 et, pire encore, peu connu.<\/p>\n\n\n\n<p>Je pense \u00e0 quelques exemples int\u00e9ressants, comme le travail r\u00e9alis\u00e9 il y a quelques ann\u00e9es par la publication l\u2019Espresso, avec RegeniLeaks, pour recueillir des informations sur le jeune chercheur italien tu\u00e9 en \u00c9gypte. Ou WiredLeaks, la plateforme r\u00e9cemment lanc\u00e9e par Wired Italia, qui a d\u00e9j\u00e0 men\u00e9 une enqu\u00eate exceptionnelle sur un site de poker en ligne ill\u00e9gal. Mais ce n\u2019est pas encore un outil dont les lecteurs et les informateurs appr\u00e9cient pleinement le potentiel.&nbsp; En particulier, ils ne se rendent pas compte de l\u2019aspect essentiel&nbsp;: un tel outil est s\u00e9curis\u00e9 et les prot\u00e8ge eux, ainsi que leurs sources.<\/p>\n\n\n\n<p>J\u2019ai moi-m\u00eame g\u00e9r\u00e9 ma propre plateforme de signalement anonyme. Au final, il est souvent arriv\u00e9 que les informateurs, qui avaient la possibilit\u00e9 d\u2019utiliser une telle plateforme, pr\u00e9f\u00e9raient encore envoyer une enveloppe anonyme au personnel \u00e9ditorial. C\u2019est dr\u00f4le, car cela signifie qu\u2019ils pr\u00e9f\u00e8rent utiliser une pratique du dix-neuvi\u00e8me si\u00e8cle, peu s\u00fbre, plut\u00f4t qu\u2019un outil contemporain efficace.<\/p>\n\n\n\n<h3 class=\"wp-block-heading\">Q. Pourquoi ce sujet est-il important pour vous ?<\/h3>\n\n\n\n<p>R. Il garantit l\u2019anonymat complet des lanceurs d\u2019alertes, m\u00eame \u00e0 mon \u00e9gard. Pour n\u2019importe quel journaliste, la protection des informateurs n\u2019est pas seulement importante, elle est fondamentale. En particulier pour ceux qui traitent des questions et des r\u00e9cits sensibles.<\/p>\n\n\n\n<p>Plus les sujets abord\u00e9s sont sensibles, et plus les cons\u00e9quences n\u00e9gatives potentielles pour les informateurs sont grandes, plus il est n\u00e9cessaire de s\u2019appuyer sur un tel outil qui garantit un anonymat total. Et nous ne parlons pas de questions g\u00e9n\u00e9rales de confidentialit\u00e9, mais de risques r\u00e9els allant des r\u00e9percussions n\u00e9gatives sur le lieu de travail \u00e0 la sp\u00e9culation extr\u00eame des risques pour la s\u00e9curit\u00e9 des personnes.<\/p>\n\n\n\n<p>Cela \u00e9tant dit, les journalistes doivent davantage travailler pour obtenir un retour et des confirmations des rapports re\u00e7us qu\u2019avec les canaux dits \u00ab&nbsp;traditionnels&nbsp;\u00bb. Il ne suffit pas de dire \u00ab&nbsp;je sais qui me l\u2019a dit et je lui fais confiance&nbsp;\u00bb, car avec ces outils, la source est compl\u00e8tement anonyme et intra\u00e7able. Mais c\u2019est, ou ce devrait \u00eatre, la mani\u00e8re d\u2019interagir des journalistes avec leurs sources, quel que soit l\u2019outil utilis\u00e9.<\/p>\n\n\n\n<h3 class=\"wp-block-heading\">Q. Qu\u2019esp\u00e9rez-vous obtenir de votre partenariat avec Whistlelink ?<\/h3>\n\n\n\n<p>R. La certitude d\u2019avoir un partenaire professionnel qui a d\u00e9velopp\u00e9 un service efficace et convivial, \u00e9galement \u00e0 la port\u00e9e des utilisateurs qui peuvent avoir une connaissance limit\u00e9e de la technologie. Et ce, bien s\u00fbr, sans que cela n\u2019ait aucune r\u00e9percussion sur la s\u00e9curit\u00e9, ce qui, comme je l\u2019ai dit, est l\u2019aspect essentiel.<\/p>\n\n\n\n<p>\u00c9galement, la possibilit\u00e9 de faire partie d\u2019un r\u00e9seau qui, j\u2019en suis s\u00fbr, contribuera \u00e0 la connaissance et au d\u00e9veloppement de ce type d\u2019outils, avec des effets positifs pour tous les acteurs impliqu\u00e9s.<\/p>\n\n\n\n<h3 class=\"wp-block-heading\">Pour lire cette interview en italien, consultez l\u2019article <a href=\"https:\/\/www.whistlelink.com\/fr\/blog\/letat-du-lancement-dalertes-dans-le-journalisme-italien\/\">Il whistleblowing nel giornalismo italiano<\/a><\/h3>\n","protected":false},"excerpt":{"rendered":"<p>Nous rencontrons Gianluca Paolucci, journaliste italien, r\u00e9dacteur en chef adjoint de notre nouveau partenaire, Dietro le quinte della finanza. Une colonne dans le journal quotidien italien La Stampa. D\u00e9couvrez ses r\u00e9flexions sur l\u2019\u00e9tat actuel du lancement d\u2019alertes dans le journalisme italien, ce que cela signifie pour lui et le partenariat avec Whistlelink. Q. Quel est [&hellip;]<\/p>\n","protected":false},"featured_media":15508,"template":"","format":"standard","blog-category":[222],"class_list":["post-15059","blog","type-blog","status-publish","format-standard","has-post-thumbnail","hentry","blog-category-interviews-fr"],"yoast_head":"<!-- This site is optimized with the Yoast SEO Premium plugin v27.3 (Yoast SEO v27.4) - https:\/\/yoast.com\/product\/yoast-seo-premium-wordpress\/ -->\n<title>L\u2019\u00e9tat du lancement d\u2019alertes dans le journalisme italien - Whistlelink<\/title>\n<meta name=\"description\" content=\"Lisez notre entretien avec Gianluca Paolucci, r\u00e9dacteur en chef adjoint de Dietro Le Quinte Della Finanza, au journal italien La Stampa.\" \/>\n<meta name=\"robots\" content=\"index, follow, max-snippet:-1, max-image-preview:large, max-video-preview:-1\" \/>\n<link rel=\"canonical\" href=\"https:\/\/www.whistlelink.com\/fr\/blog\/letat-du-lancement-dalertes-dans-le-journalisme-italien\/\" \/>\n<meta property=\"og:locale\" content=\"fr_FR\" \/>\n<meta property=\"og:type\" content=\"article\" \/>\n<meta property=\"og:title\" content=\"L\u2019\u00e9tat du lancement d\u2019alertes dans le journalisme italien\" \/>\n<meta property=\"og:description\" content=\"Lisez notre entretien avec Gianluca Paolucci, r\u00e9dacteur en chef adjoint de Dietro Le Quinte Della Finanza, au journal italien La Stampa.\" \/>\n<meta property=\"og:url\" content=\"https:\/\/www.whistlelink.com\/fr\/blog\/letat-du-lancement-dalertes-dans-le-journalisme-italien\/\" \/>\n<meta property=\"og:site_name\" content=\"Whistlelink\" \/>\n<meta property=\"article:publisher\" content=\"https:\/\/www.facebook.com\/whistlelink\/\" \/>\n<meta property=\"article:modified_time\" content=\"2022-03-03T15:46:09+00:00\" \/>\n<meta property=\"og:image\" content=\"https:\/\/www.whistlelink.com\/wp-content\/uploads\/2021\/06\/intervista-gianluca-paolucci-dietro-le-quinte-della-finanza-1.jpg\" \/>\n\t<meta property=\"og:image:width\" content=\"1200\" \/>\n\t<meta property=\"og:image:height\" content=\"628\" \/>\n\t<meta property=\"og:image:type\" content=\"image\/jpeg\" \/>\n<meta name=\"twitter:card\" content=\"summary_large_image\" \/>\n<meta name=\"twitter:label1\" content=\"Dur\u00e9e de lecture estim\u00e9e\" \/>\n\t<meta name=\"twitter:data1\" content=\"3 minutes\" \/>\n<script type=\"application\/ld+json\" class=\"yoast-schema-graph\">{\"@context\":\"https:\\\/\\\/schema.org\",\"@graph\":[{\"@type\":\"WebPage\",\"@id\":\"https:\\\/\\\/www.whistlelink.com\\\/fr\\\/blog\\\/letat-du-lancement-dalertes-dans-le-journalisme-italien\\\/\",\"url\":\"https:\\\/\\\/www.whistlelink.com\\\/fr\\\/blog\\\/letat-du-lancement-dalertes-dans-le-journalisme-italien\\\/\",\"name\":\"L\u2019\u00e9tat du lancement d\u2019alertes dans le journalisme italien - Whistlelink\",\"isPartOf\":{\"@id\":\"https:\\\/\\\/www.whistlelink.com\\\/fr\\\/#website\"},\"primaryImageOfPage\":{\"@id\":\"https:\\\/\\\/www.whistlelink.com\\\/fr\\\/blog\\\/letat-du-lancement-dalertes-dans-le-journalisme-italien\\\/#primaryimage\"},\"image\":{\"@id\":\"https:\\\/\\\/www.whistlelink.com\\\/fr\\\/blog\\\/letat-du-lancement-dalertes-dans-le-journalisme-italien\\\/#primaryimage\"},\"thumbnailUrl\":\"https:\\\/\\\/www.whistlelink.com\\\/wp-content\\\/uploads\\\/2021\\\/06\\\/intervista-gianluca-paolucci-dietro-le-quinte-della-finanza-1.jpg\",\"datePublished\":\"2021-06-01T12:30:11+00:00\",\"dateModified\":\"2022-03-03T15:46:09+00:00\",\"description\":\"Lisez notre entretien avec Gianluca Paolucci, r\u00e9dacteur en chef adjoint de Dietro Le Quinte Della Finanza, au journal italien La Stampa.\",\"breadcrumb\":{\"@id\":\"https:\\\/\\\/www.whistlelink.com\\\/fr\\\/blog\\\/letat-du-lancement-dalertes-dans-le-journalisme-italien\\\/#breadcrumb\"},\"inLanguage\":\"fr-FR\",\"potentialAction\":[{\"@type\":\"ReadAction\",\"target\":[\"https:\\\/\\\/www.whistlelink.com\\\/fr\\\/blog\\\/letat-du-lancement-dalertes-dans-le-journalisme-italien\\\/\"]}]},{\"@type\":\"ImageObject\",\"inLanguage\":\"fr-FR\",\"@id\":\"https:\\\/\\\/www.whistlelink.com\\\/fr\\\/blog\\\/letat-du-lancement-dalertes-dans-le-journalisme-italien\\\/#primaryimage\",\"url\":\"https:\\\/\\\/www.whistlelink.com\\\/wp-content\\\/uploads\\\/2021\\\/06\\\/intervista-gianluca-paolucci-dietro-le-quinte-della-finanza-1.jpg\",\"contentUrl\":\"https:\\\/\\\/www.whistlelink.com\\\/wp-content\\\/uploads\\\/2021\\\/06\\\/intervista-gianluca-paolucci-dietro-le-quinte-della-finanza-1.jpg\",\"width\":1200,\"height\":628,\"caption\":\"Visselbl\u00e5sning Italien.\"},{\"@type\":\"BreadcrumbList\",\"@id\":\"https:\\\/\\\/www.whistlelink.com\\\/fr\\\/blog\\\/letat-du-lancement-dalertes-dans-le-journalisme-italien\\\/#breadcrumb\",\"itemListElement\":[{\"@type\":\"ListItem\",\"position\":1,\"name\":\"Home\",\"item\":\"https:\\\/\\\/www.whistlelink.com\\\/fr\\\/\"},{\"@type\":\"ListItem\",\"position\":2,\"name\":\"Blog\",\"item\":\"https:\\\/\\\/www.whistlelink.com\\\/fr\\\/blog\\\/\"},{\"@type\":\"ListItem\",\"position\":3,\"name\":\"L\u2019\u00e9tat du lancement d\u2019alertes dans le journalisme italien\"}]},{\"@type\":\"WebSite\",\"@id\":\"https:\\\/\\\/www.whistlelink.com\\\/fr\\\/#website\",\"url\":\"https:\\\/\\\/www.whistlelink.com\\\/fr\\\/\",\"name\":\"Whistlelink\",\"description\":\"A trusted provider of secure whistleblowing solutions.\",\"publisher\":{\"@id\":\"https:\\\/\\\/www.whistlelink.com\\\/fr\\\/#organization\"},\"potentialAction\":[{\"@type\":\"SearchAction\",\"target\":{\"@type\":\"EntryPoint\",\"urlTemplate\":\"https:\\\/\\\/www.whistlelink.com\\\/fr\\\/?s={search_term_string}\"},\"query-input\":{\"@type\":\"PropertyValueSpecification\",\"valueRequired\":true,\"valueName\":\"search_term_string\"}}],\"inLanguage\":\"fr-FR\"},{\"@type\":\"Organization\",\"@id\":\"https:\\\/\\\/www.whistlelink.com\\\/fr\\\/#organization\",\"name\":\"Whistlelink\",\"url\":\"https:\\\/\\\/www.whistlelink.com\\\/fr\\\/\",\"logo\":{\"@type\":\"ImageObject\",\"inLanguage\":\"fr-FR\",\"@id\":\"https:\\\/\\\/www.whistlelink.com\\\/fr\\\/#\\\/schema\\\/logo\\\/image\\\/\",\"url\":\"https:\\\/\\\/www.whistlelink.com\\\/wp-content\\\/uploads\\\/2021\\\/07\\\/WhistlelinkLogoEmail.png\",\"contentUrl\":\"https:\\\/\\\/www.whistlelink.com\\\/wp-content\\\/uploads\\\/2021\\\/07\\\/WhistlelinkLogoEmail.png\",\"width\":704,\"height\":75,\"caption\":\"Whistlelink\"},\"image\":{\"@id\":\"https:\\\/\\\/www.whistlelink.com\\\/fr\\\/#\\\/schema\\\/logo\\\/image\\\/\"},\"sameAs\":[\"https:\\\/\\\/www.facebook.com\\\/whistlelink\\\/\",\"https:\\\/\\\/www.linkedin.com\\\/company\\\/whistlelink\\\/\",\"https:\\\/\\\/vimeo.com\\\/user152082481\"]}]}<\/script>\n<!-- \/ Yoast SEO Premium plugin. -->","yoast_head_json":{"title":"L\u2019\u00e9tat du lancement d\u2019alertes dans le journalisme italien - Whistlelink","description":"Lisez notre entretien avec Gianluca Paolucci, r\u00e9dacteur en chef adjoint de Dietro Le Quinte Della Finanza, au journal italien La Stampa.","robots":{"index":"index","follow":"follow","max-snippet":"max-snippet:-1","max-image-preview":"max-image-preview:large","max-video-preview":"max-video-preview:-1"},"canonical":"https:\/\/www.whistlelink.com\/fr\/blog\/letat-du-lancement-dalertes-dans-le-journalisme-italien\/","og_locale":"fr_FR","og_type":"article","og_title":"L\u2019\u00e9tat du lancement d\u2019alertes dans le journalisme italien","og_description":"Lisez notre entretien avec Gianluca Paolucci, r\u00e9dacteur en chef adjoint de Dietro Le Quinte Della Finanza, au journal italien La Stampa.","og_url":"https:\/\/www.whistlelink.com\/fr\/blog\/letat-du-lancement-dalertes-dans-le-journalisme-italien\/","og_site_name":"Whistlelink","article_publisher":"https:\/\/www.facebook.com\/whistlelink\/","article_modified_time":"2022-03-03T15:46:09+00:00","og_image":[{"width":1200,"height":628,"url":"https:\/\/www.whistlelink.com\/wp-content\/uploads\/2021\/06\/intervista-gianluca-paolucci-dietro-le-quinte-della-finanza-1.jpg","type":"image\/jpeg"}],"twitter_card":"summary_large_image","twitter_misc":{"Dur\u00e9e de lecture estim\u00e9e":"3 minutes"},"schema":{"@context":"https:\/\/schema.org","@graph":[{"@type":"WebPage","@id":"https:\/\/www.whistlelink.com\/fr\/blog\/letat-du-lancement-dalertes-dans-le-journalisme-italien\/","url":"https:\/\/www.whistlelink.com\/fr\/blog\/letat-du-lancement-dalertes-dans-le-journalisme-italien\/","name":"L\u2019\u00e9tat du lancement d\u2019alertes dans le journalisme italien - Whistlelink","isPartOf":{"@id":"https:\/\/www.whistlelink.com\/fr\/#website"},"primaryImageOfPage":{"@id":"https:\/\/www.whistlelink.com\/fr\/blog\/letat-du-lancement-dalertes-dans-le-journalisme-italien\/#primaryimage"},"image":{"@id":"https:\/\/www.whistlelink.com\/fr\/blog\/letat-du-lancement-dalertes-dans-le-journalisme-italien\/#primaryimage"},"thumbnailUrl":"https:\/\/www.whistlelink.com\/wp-content\/uploads\/2021\/06\/intervista-gianluca-paolucci-dietro-le-quinte-della-finanza-1.jpg","datePublished":"2021-06-01T12:30:11+00:00","dateModified":"2022-03-03T15:46:09+00:00","description":"Lisez notre entretien avec Gianluca Paolucci, r\u00e9dacteur en chef adjoint de Dietro Le Quinte Della Finanza, au journal italien La Stampa.","breadcrumb":{"@id":"https:\/\/www.whistlelink.com\/fr\/blog\/letat-du-lancement-dalertes-dans-le-journalisme-italien\/#breadcrumb"},"inLanguage":"fr-FR","potentialAction":[{"@type":"ReadAction","target":["https:\/\/www.whistlelink.com\/fr\/blog\/letat-du-lancement-dalertes-dans-le-journalisme-italien\/"]}]},{"@type":"ImageObject","inLanguage":"fr-FR","@id":"https:\/\/www.whistlelink.com\/fr\/blog\/letat-du-lancement-dalertes-dans-le-journalisme-italien\/#primaryimage","url":"https:\/\/www.whistlelink.com\/wp-content\/uploads\/2021\/06\/intervista-gianluca-paolucci-dietro-le-quinte-della-finanza-1.jpg","contentUrl":"https:\/\/www.whistlelink.com\/wp-content\/uploads\/2021\/06\/intervista-gianluca-paolucci-dietro-le-quinte-della-finanza-1.jpg","width":1200,"height":628,"caption":"Visselbl\u00e5sning Italien."},{"@type":"BreadcrumbList","@id":"https:\/\/www.whistlelink.com\/fr\/blog\/letat-du-lancement-dalertes-dans-le-journalisme-italien\/#breadcrumb","itemListElement":[{"@type":"ListItem","position":1,"name":"Home","item":"https:\/\/www.whistlelink.com\/fr\/"},{"@type":"ListItem","position":2,"name":"Blog","item":"https:\/\/www.whistlelink.com\/fr\/blog\/"},{"@type":"ListItem","position":3,"name":"L\u2019\u00e9tat du lancement d\u2019alertes dans le journalisme italien"}]},{"@type":"WebSite","@id":"https:\/\/www.whistlelink.com\/fr\/#website","url":"https:\/\/www.whistlelink.com\/fr\/","name":"Whistlelink","description":"A trusted provider of secure whistleblowing solutions.","publisher":{"@id":"https:\/\/www.whistlelink.com\/fr\/#organization"},"potentialAction":[{"@type":"SearchAction","target":{"@type":"EntryPoint","urlTemplate":"https:\/\/www.whistlelink.com\/fr\/?s={search_term_string}"},"query-input":{"@type":"PropertyValueSpecification","valueRequired":true,"valueName":"search_term_string"}}],"inLanguage":"fr-FR"},{"@type":"Organization","@id":"https:\/\/www.whistlelink.com\/fr\/#organization","name":"Whistlelink","url":"https:\/\/www.whistlelink.com\/fr\/","logo":{"@type":"ImageObject","inLanguage":"fr-FR","@id":"https:\/\/www.whistlelink.com\/fr\/#\/schema\/logo\/image\/","url":"https:\/\/www.whistlelink.com\/wp-content\/uploads\/2021\/07\/WhistlelinkLogoEmail.png","contentUrl":"https:\/\/www.whistlelink.com\/wp-content\/uploads\/2021\/07\/WhistlelinkLogoEmail.png","width":704,"height":75,"caption":"Whistlelink"},"image":{"@id":"https:\/\/www.whistlelink.com\/fr\/#\/schema\/logo\/image\/"},"sameAs":["https:\/\/www.facebook.com\/whistlelink\/","https:\/\/www.linkedin.com\/company\/whistlelink\/","https:\/\/vimeo.com\/user152082481"]}]}},"_links":{"self":[{"href":"https:\/\/www.whistlelink.com\/fr\/wp-json\/wp\/v2\/blog\/15059","targetHints":{"allow":["GET"]}}],"collection":[{"href":"https:\/\/www.whistlelink.com\/fr\/wp-json\/wp\/v2\/blog"}],"about":[{"href":"https:\/\/www.whistlelink.com\/fr\/wp-json\/wp\/v2\/types\/blog"}],"version-history":[{"count":0,"href":"https:\/\/www.whistlelink.com\/fr\/wp-json\/wp\/v2\/blog\/15059\/revisions"}],"wp:featuredmedia":[{"embeddable":true,"href":"https:\/\/www.whistlelink.com\/fr\/wp-json\/wp\/v2\/media\/15508"}],"wp:attachment":[{"href":"https:\/\/www.whistlelink.com\/fr\/wp-json\/wp\/v2\/media?parent=15059"}],"wp:term":[{"taxonomy":"blog-category","embeddable":true,"href":"https:\/\/www.whistlelink.com\/fr\/wp-json\/wp\/v2\/blog-category?post=15059"}],"curies":[{"name":"wp","href":"https:\/\/api.w.org\/{rel}","templated":true}]}}