{"id":29864,"date":"2022-04-12T13:02:01","date_gmt":"2022-04-12T12:02:01","guid":{"rendered":"https:\/\/www.whistlelink.com\/?post_type=blog&#038;p=29864"},"modified":"2022-08-01T14:01:59","modified_gmt":"2022-08-01T14:01:59","slug":"ue-skarci-panstwa-czlonkowskie-za-brak-ochrony-sygnalistow","status":"publish","type":"blog","link":"https:\/\/www.whistlelink.com\/pl\/blog\/ue-skarci-panstwa-czlonkowskie-za-brak-ochrony-sygnalistow\/","title":{"rendered":"UE skarci pa\u0144stwa cz\u0142onkowskie za brak ochrony sygnalist\u00f3w\u00a0"},"content":{"rendered":"\n<p>Komisja Europejska upomina a\u017c 26 z 27 pa\u0144stw cz\u0142onkowskich UE za niedotrzymanie termin\u00f3w okre\u015blonych w unijnej dyrektywie w sprawie sygnalist\u00f3w. \u015awiadczy to o raczej s\u0142abym zaanga\u017cowaniu w ochron\u0119 os\u00f3b, kt\u00f3re by\u0142y \u015bwiadkami niew\u0142a\u015bciwego post\u0119powania, przed odwetem.\u00a0<\/p>\n\n\n\n<h3 class=\"wp-block-heading\" id=\"h-portugalia-i-szwecja-otrzymuja-formalne-zawiadomienia-o-opoznieniach\">Portugalia i Szwecja otrzymuj\u0105 formalne zawiadomienia o op\u00f3\u017anieniach&nbsp;<\/h3>\n\n\n\n<p>Co miesi\u0105c Komisja Europejska podejmuje dzia\u0142ania prawne przeciwko pa\u0144stwom cz\u0142onkowskim za niewype\u0142nienie zobowi\u0105za\u0144 wynikaj\u0105cych z prawa unijnego. Decyzje o naruszeniu maj\u0105 na celu zapewnienie prawid\u0142owego stosowania prawa UE, z korzy\u015bci\u0105 zar\u00f3wno dla os\u00f3b fizycznych, jak i firm.&nbsp;<\/p>\n\n\n\n<p>Je\u015bli kraje nie przestrzegaj\u0105 prawa, mo\u017ce zosta\u0107 wydane <a href=\"https:\/\/ec.europa.eu\/info\/law\/law-making-process\/applying-eu-law\/infringement-procedure_en\" target=\"_blank\" rel=\"noreferrer noopener\">formalne powiadomienie<\/a>. Jest to pierwszy krok w pi\u0119cioetapowym procesie, skutkuj\u0105cy na\u0142o\u017ceniem grzywny na kraj i zmuszeniem go do przestrzegania prawa, je\u015bli nie zostan\u0105 podj\u0119te niezb\u0119dne \u015brodki.\u00a0<\/p>\n\n\n\n<p>W dniu 9.02. Komisja wys\u0142a\u0142a do Portugalii i Szwecji wezwania do podj\u0119cia decyzji o przesuni\u0119ciu terminu wej\u015bcia w \u017cycie krajowych przepis\u00f3w dot. sygnalist\u00f3w. W Portugalii ustawa transponuj\u0105ca wejdzie w \u017cycie 19 czerwca 2022 r., 180 dni po jej opublikowaniu. W Szwecji wdro\u017cenie niekt\u00f3rych wymog\u00f3w op\u00f3\u017aniono do 17 lipca 2022 r.\u00a0<\/p>\n\n\n\n<p>Oba kraje dotrzyma\u0142y 17 grudnia 2021 r. terminu transpozycji dyrektywy unijnej do prawa krajowego.&nbsp;<\/p>\n\n\n\n<h3 class=\"wp-block-heading\" id=\"h-24-panstwa-czlonkowskie-nie-chronia-sygnalistow\">24 pa\u0144stwa cz\u0142onkowskie nie chroni\u0105 sygnalist\u00f3w&nbsp;<\/h3>\n\n\n\n<p>Dyrektywa UE w sprawie lepszej ochrony sygnalist\u00f3w zosta\u0142a przyj\u0119ta ponad dwa lata temu, w pa\u017adzierniku 2019 r. Ustalony termin transpozycji dyrektywy do prawa krajowego up\u0142yn\u0105\u0142 17 grudnia 2021 r. Ponad dwa lata p\u00f3\u017aniej w wi\u0119kszo\u015bci kraj\u00f3w UE nadal brakuje kompleksowego ustawodawstwa krajowego dotycz\u0105cego sygnalist\u00f3w.&nbsp;<\/p>\n\n\n\n<p>W styczniu 2022 r. Komisja Europejska wys\u0142a\u0142a formalne wezwania a\u017c do 24 kraj\u00f3w UE, z kt\u00f3rych wszystkie nie dotrzyma\u0142y terminu w grudniu. Zar\u00f3wno Dania, jak i Litwa przyj\u0119\u0142y nowe ustawy dotycz\u0105ce sygnalist\u00f3w, jednak nie wesz\u0142y one w \u017cycie przed up\u0142ywem terminu. Od tego czasu Cypr, Francja, \u0141otwa i W\u0142ochy r\u00f3wnie\u017c przyj\u0119\u0142y nowe ustawy.&nbsp;<\/p>\n\n\n\n<p>Jak na ironi\u0119, tylko Malta, kt\u00f3ra uwa\u017cana jest za jeden z najs\u0142abszych system\u00f3w ochrony sygnalist\u00f3w w Europie, zdo\u0142a\u0142a w pe\u0142ni dostosowa\u0107 si\u0119 do dyrektywy UE. Malta uchwali\u0142a now\u0105 ustaw\u0119 o sygnalistach 16 listopada, kt\u00f3ra wesz\u0142a w \u017cycie 17 grudnia (wraz z dyrektyw\u0105 UE). Prawo zosta\u0142o jednak skrytykowane za brak konsultacji i po\u015bpiech.&nbsp;<\/p>\n\n\n\n<h3 class=\"wp-block-heading\" id=\"h-brak-ochrony-sygnalistow-w-krajach-ue-ma-konsekwencje\">Brak ochrony sygnalist\u00f3w w krajach UE ma konsekwencje&nbsp;<\/h3>\n\n\n\n<p>Jak dot\u0105d dyrektywa UE w sprawie lepszej ochrony sygnalist\u00f3w nie spe\u0142nia oczekiwa\u0144. Nieliczne ju\u017c obowi\u0105zuj\u0105ce krajowe przepisy dotycz\u0105ce sygnalist\u00f3w zosta\u0142y skrytykowane za nieuwzgl\u0119dnienie szczeg\u00f3\u0142\u00f3w dotycz\u0105cych ochrony pracownik\u00f3w przed odwetem lub rekompensat za utracone zarobki i inne negatywne konsekwencje. Na przyk\u0142ad w Danii prawo zawiera wysoce subiektywne kryteria, takie jak dokonanie \u201eniezb\u0119dnego\u201d ujawnienia, kt\u00f3re mo\u017ce stanowi\u0107 problem dla \u015bwiadk\u00f3w.&nbsp;<\/p>\n\n\n\n<p>Bior\u0105c pod uwag\u0119, \u017ce procesy we wszystkich krajach s\u0105 do\u015b\u0107 wyj\u0105tkowe, ci\u0105g\u0142e uczenie si\u0119 i ocena s\u0105 niezb\u0119dne, aby te przepisy mog\u0142y wykorzysta\u0107 sw\u00f3j potencja\u0142. Pozostaje pytanie, czy pa\u0144stwa cz\u0142onkowskie UE powa\u017cnie podejd\u0105 do ochrony sygnalist\u00f3w. Odk\u0142adanie przepis\u00f3w pozwoli na dalsze dzia\u0142ania zagra\u017caj\u0105ce \u017cyciu, naszej planecie lub gospodarce, a wszystko to dlatego, \u017ce potencjalni sygnali\u015bci boj\u0105 si\u0119 m\u00f3wi\u0107.&nbsp;<\/p>\n\n\n\n<p>Przeczytaj wi\u0119cej: <a href=\"https:\/\/www.whistlelink.com\/pl\/blog\/ktore-kraje-sa-gotowe-do-przyjecia-unijnej-dyrektywy-w-sprawie-zglaszania-nieprawidlowosci\/\" target=\"_blank\" rel=\"noreferrer noopener\">Gdzie kraje s\u0105 gotowe do przyj\u0119cia unijnej dyrektywy w sprawie zg\u0142aszania nieprawid\u0142owo\u015bci?<\/a>&nbsp;<\/p>\n\n\n\n<h3 class=\"wp-block-heading\" id=\"h-\"><\/h3>\n\n\n\n<p>Czy chcesz dowiedzie\u0107 si\u0119 wi\u0119cej o us\u0142udze zg\u0142aszania nieprawid\u0142owo\u015bci i bezpiecznych kana\u0142ach wewn\u0119trznych? Przeczytaj wi\u0119cej o Dyrektywie UE w zakresie whistleblowing <a href=\"https:\/\/www.whistlelink.com\/pl\/dyrektywa-ue-w-zakresie-ochrony-sygnalistow\/\">tutaj<\/a> oraz na stronie <a href=\"https:\/\/legislacja.gov.pl\/projekt\/12352401\">Rz\u0105dowego Centrum Legislacji<\/a><\/p>\n\n\n\n<p>Szukasz poufnego kana\u0142u do zg\u0142aszania nieprawid\u0142owo\u015bci? Przeczytaj wi\u0119cej <a href=\"https:\/\/www.whistlelink.com\/pl\/produkt\/\">tutaj<\/a>.<\/p>\n\n\n\n<p>Czy chcia\u0142by\u015b om\u00f3wi\u0107 system whistleblowingu dla swojej firmy?<\/p>\n\n\n\n<p><a href=\"https:\/\/www.whistlelink.com\/pl\/porozmawiaj-z-nami\/\">Skontaktuj si\u0119<\/a> z nami lub <a href=\"https:\/\/www.whistlelink.com\/pl\/zamow-prezentacje\/\">zarezerwuj bezp\u0142atne demo<\/a>!<\/p>\n","protected":false},"excerpt":{"rendered":"<p>Komisja Europejska upomina a\u017c 26 z 27 pa\u0144stw cz\u0142onkowskich UE za niedotrzymanie termin\u00f3w okre\u015blonych w unijnej dyrektywie w sprawie sygnalist\u00f3w. \u015awiadczy to o raczej s\u0142abym zaanga\u017cowaniu w ochron\u0119 os\u00f3b, kt\u00f3re by\u0142y \u015bwiadkami niew\u0142a\u015bciwego post\u0119powania, przed odwetem.\u00a0 Portugalia i Szwecja otrzymuj\u0105 formalne zawiadomienia o op\u00f3\u017anieniach&nbsp; Co miesi\u0105c Komisja Europejska podejmuje dzia\u0142ania prawne przeciwko pa\u0144stwom cz\u0142onkowskim za [&hellip;]<\/p>\n","protected":false},"featured_media":29829,"template":"","format":"standard","blog-category":[240,212],"class_list":["post-29864","blog","type-blog","status-publish","format-standard","has-post-thumbnail","hentry","blog-category-aktualnosci","blog-category-artykuly"],"yoast_head":"<!-- This site is optimized with the Yoast SEO Premium plugin v27.3 (Yoast SEO v27.4) - https:\/\/yoast.com\/product\/yoast-seo-premium-wordpress\/ -->\n<title>UE skarci pa\u0144stwa cz\u0142onkowskie za brak ochrony sygnalist\u00f3w\u00a0 - Whistlelink<\/title>\n<meta name=\"description\" content=\"Komisja Europejska upomina 26 z 27 pa\u0144stw cz\u0142onkowskich za brak ochrony sygnalist\u00f3w zgodnie z Dyrektyw\u0105 UE.\" \/>\n<meta name=\"robots\" content=\"index, follow, max-snippet:-1, max-image-preview:large, max-video-preview:-1\" \/>\n<link rel=\"canonical\" href=\"https:\/\/www.whistlelink.com\/pl\/blog\/ue-skarci-panstwa-czlonkowskie-za-brak-ochrony-sygnalistow\/\" \/>\n<meta property=\"og:locale\" content=\"pl_PL\" \/>\n<meta property=\"og:type\" content=\"article\" \/>\n<meta property=\"og:title\" content=\"UE skarci pa\u0144stwa cz\u0142onkowskie za brak ochrony sygnalist\u00f3w\u00a0\" \/>\n<meta property=\"og:description\" content=\"Komisja Europejska upomina 26 z 27 pa\u0144stw cz\u0142onkowskich za brak ochrony sygnalist\u00f3w zgodnie z Dyrektyw\u0105 UE.\" \/>\n<meta property=\"og:url\" content=\"https:\/\/www.whistlelink.com\/pl\/blog\/ue-skarci-panstwa-czlonkowskie-za-brak-ochrony-sygnalistow\/\" \/>\n<meta property=\"og:site_name\" content=\"Whistlelink\" \/>\n<meta property=\"article:publisher\" content=\"https:\/\/www.facebook.com\/whistlelink\/\" \/>\n<meta property=\"article:modified_time\" content=\"2022-08-01T14:01:59+00:00\" \/>\n<meta property=\"og:image\" content=\"https:\/\/www.whistlelink.com\/wp-content\/uploads\/2022\/04\/EU-scolds-member-states.png\" \/>\n\t<meta property=\"og:image:width\" content=\"1200\" \/>\n\t<meta property=\"og:image:height\" content=\"628\" \/>\n\t<meta property=\"og:image:type\" content=\"image\/png\" \/>\n<meta name=\"twitter:card\" content=\"summary_large_image\" \/>\n<meta name=\"twitter:label1\" content=\"Szacowany czas czytania\" \/>\n\t<meta name=\"twitter:data1\" content=\"4 minuty\" \/>\n<script type=\"application\/ld+json\" class=\"yoast-schema-graph\">{\"@context\":\"https:\\\/\\\/schema.org\",\"@graph\":[{\"@type\":\"WebPage\",\"@id\":\"https:\\\/\\\/www.whistlelink.com\\\/pl\\\/blog\\\/ue-skarci-panstwa-czlonkowskie-za-brak-ochrony-sygnalistow\\\/\",\"url\":\"https:\\\/\\\/www.whistlelink.com\\\/pl\\\/blog\\\/ue-skarci-panstwa-czlonkowskie-za-brak-ochrony-sygnalistow\\\/\",\"name\":\"UE skarci pa\u0144stwa cz\u0142onkowskie za brak ochrony sygnalist\u00f3w\u00a0 - Whistlelink\",\"isPartOf\":{\"@id\":\"https:\\\/\\\/www.whistlelink.com\\\/pl\\\/#website\"},\"primaryImageOfPage\":{\"@id\":\"https:\\\/\\\/www.whistlelink.com\\\/pl\\\/blog\\\/ue-skarci-panstwa-czlonkowskie-za-brak-ochrony-sygnalistow\\\/#primaryimage\"},\"image\":{\"@id\":\"https:\\\/\\\/www.whistlelink.com\\\/pl\\\/blog\\\/ue-skarci-panstwa-czlonkowskie-za-brak-ochrony-sygnalistow\\\/#primaryimage\"},\"thumbnailUrl\":\"https:\\\/\\\/www.whistlelink.com\\\/wp-content\\\/uploads\\\/2022\\\/04\\\/EU-scolds-member-states.png\",\"datePublished\":\"2022-04-12T12:02:01+00:00\",\"dateModified\":\"2022-08-01T14:01:59+00:00\",\"description\":\"Komisja Europejska upomina 26 z 27 pa\u0144stw cz\u0142onkowskich za brak ochrony sygnalist\u00f3w zgodnie z Dyrektyw\u0105 UE.\",\"breadcrumb\":{\"@id\":\"https:\\\/\\\/www.whistlelink.com\\\/pl\\\/blog\\\/ue-skarci-panstwa-czlonkowskie-za-brak-ochrony-sygnalistow\\\/#breadcrumb\"},\"inLanguage\":\"pl-PL\",\"potentialAction\":[{\"@type\":\"ReadAction\",\"target\":[\"https:\\\/\\\/www.whistlelink.com\\\/pl\\\/blog\\\/ue-skarci-panstwa-czlonkowskie-za-brak-ochrony-sygnalistow\\\/\"]}]},{\"@type\":\"ImageObject\",\"inLanguage\":\"pl-PL\",\"@id\":\"https:\\\/\\\/www.whistlelink.com\\\/pl\\\/blog\\\/ue-skarci-panstwa-czlonkowskie-za-brak-ochrony-sygnalistow\\\/#primaryimage\",\"url\":\"https:\\\/\\\/www.whistlelink.com\\\/wp-content\\\/uploads\\\/2022\\\/04\\\/EU-scolds-member-states.png\",\"contentUrl\":\"https:\\\/\\\/www.whistlelink.com\\\/wp-content\\\/uploads\\\/2022\\\/04\\\/EU-scolds-member-states.png\",\"width\":1200,\"height\":628,\"caption\":\"ochrona sygnalist\u00f3w\"},{\"@type\":\"BreadcrumbList\",\"@id\":\"https:\\\/\\\/www.whistlelink.com\\\/pl\\\/blog\\\/ue-skarci-panstwa-czlonkowskie-za-brak-ochrony-sygnalistow\\\/#breadcrumb\",\"itemListElement\":[{\"@type\":\"ListItem\",\"position\":1,\"name\":\"Home\",\"item\":\"https:\\\/\\\/www.whistlelink.com\\\/pl\\\/\"},{\"@type\":\"ListItem\",\"position\":2,\"name\":\"Blog\",\"item\":\"https:\\\/\\\/www.whistlelink.com\\\/pl\\\/blog\\\/\"},{\"@type\":\"ListItem\",\"position\":3,\"name\":\"UE skarci pa\u0144stwa cz\u0142onkowskie za brak ochrony sygnalist\u00f3w\u00a0\"}]},{\"@type\":\"WebSite\",\"@id\":\"https:\\\/\\\/www.whistlelink.com\\\/pl\\\/#website\",\"url\":\"https:\\\/\\\/www.whistlelink.com\\\/pl\\\/\",\"name\":\"Whistlelink\",\"description\":\"A trusted provider of secure whistleblowing solutions.\",\"publisher\":{\"@id\":\"https:\\\/\\\/www.whistlelink.com\\\/pl\\\/#organization\"},\"potentialAction\":[{\"@type\":\"SearchAction\",\"target\":{\"@type\":\"EntryPoint\",\"urlTemplate\":\"https:\\\/\\\/www.whistlelink.com\\\/pl\\\/?s={search_term_string}\"},\"query-input\":{\"@type\":\"PropertyValueSpecification\",\"valueRequired\":true,\"valueName\":\"search_term_string\"}}],\"inLanguage\":\"pl-PL\"},{\"@type\":\"Organization\",\"@id\":\"https:\\\/\\\/www.whistlelink.com\\\/pl\\\/#organization\",\"name\":\"Whistlelink\",\"url\":\"https:\\\/\\\/www.whistlelink.com\\\/pl\\\/\",\"logo\":{\"@type\":\"ImageObject\",\"inLanguage\":\"pl-PL\",\"@id\":\"https:\\\/\\\/www.whistlelink.com\\\/pl\\\/#\\\/schema\\\/logo\\\/image\\\/\",\"url\":\"https:\\\/\\\/www.whistlelink.com\\\/wp-content\\\/uploads\\\/2021\\\/07\\\/WhistlelinkLogoEmail.png\",\"contentUrl\":\"https:\\\/\\\/www.whistlelink.com\\\/wp-content\\\/uploads\\\/2021\\\/07\\\/WhistlelinkLogoEmail.png\",\"width\":704,\"height\":75,\"caption\":\"Whistlelink\"},\"image\":{\"@id\":\"https:\\\/\\\/www.whistlelink.com\\\/pl\\\/#\\\/schema\\\/logo\\\/image\\\/\"},\"sameAs\":[\"https:\\\/\\\/www.facebook.com\\\/whistlelink\\\/\",\"https:\\\/\\\/www.linkedin.com\\\/company\\\/whistlelink\\\/\",\"https:\\\/\\\/vimeo.com\\\/user152082481\"]}]}<\/script>\n<!-- \/ Yoast SEO Premium plugin. -->","yoast_head_json":{"title":"UE skarci pa\u0144stwa cz\u0142onkowskie za brak ochrony sygnalist\u00f3w\u00a0 - Whistlelink","description":"Komisja Europejska upomina 26 z 27 pa\u0144stw cz\u0142onkowskich za brak ochrony sygnalist\u00f3w zgodnie z Dyrektyw\u0105 UE.","robots":{"index":"index","follow":"follow","max-snippet":"max-snippet:-1","max-image-preview":"max-image-preview:large","max-video-preview":"max-video-preview:-1"},"canonical":"https:\/\/www.whistlelink.com\/pl\/blog\/ue-skarci-panstwa-czlonkowskie-za-brak-ochrony-sygnalistow\/","og_locale":"pl_PL","og_type":"article","og_title":"UE skarci pa\u0144stwa cz\u0142onkowskie za brak ochrony sygnalist\u00f3w\u00a0","og_description":"Komisja Europejska upomina 26 z 27 pa\u0144stw cz\u0142onkowskich za brak ochrony sygnalist\u00f3w zgodnie z Dyrektyw\u0105 UE.","og_url":"https:\/\/www.whistlelink.com\/pl\/blog\/ue-skarci-panstwa-czlonkowskie-za-brak-ochrony-sygnalistow\/","og_site_name":"Whistlelink","article_publisher":"https:\/\/www.facebook.com\/whistlelink\/","article_modified_time":"2022-08-01T14:01:59+00:00","og_image":[{"width":1200,"height":628,"url":"https:\/\/www.whistlelink.com\/wp-content\/uploads\/2022\/04\/EU-scolds-member-states.png","type":"image\/png"}],"twitter_card":"summary_large_image","twitter_misc":{"Szacowany czas czytania":"4 minuty"},"schema":{"@context":"https:\/\/schema.org","@graph":[{"@type":"WebPage","@id":"https:\/\/www.whistlelink.com\/pl\/blog\/ue-skarci-panstwa-czlonkowskie-za-brak-ochrony-sygnalistow\/","url":"https:\/\/www.whistlelink.com\/pl\/blog\/ue-skarci-panstwa-czlonkowskie-za-brak-ochrony-sygnalistow\/","name":"UE skarci pa\u0144stwa cz\u0142onkowskie za brak ochrony sygnalist\u00f3w\u00a0 - Whistlelink","isPartOf":{"@id":"https:\/\/www.whistlelink.com\/pl\/#website"},"primaryImageOfPage":{"@id":"https:\/\/www.whistlelink.com\/pl\/blog\/ue-skarci-panstwa-czlonkowskie-za-brak-ochrony-sygnalistow\/#primaryimage"},"image":{"@id":"https:\/\/www.whistlelink.com\/pl\/blog\/ue-skarci-panstwa-czlonkowskie-za-brak-ochrony-sygnalistow\/#primaryimage"},"thumbnailUrl":"https:\/\/www.whistlelink.com\/wp-content\/uploads\/2022\/04\/EU-scolds-member-states.png","datePublished":"2022-04-12T12:02:01+00:00","dateModified":"2022-08-01T14:01:59+00:00","description":"Komisja Europejska upomina 26 z 27 pa\u0144stw cz\u0142onkowskich za brak ochrony sygnalist\u00f3w zgodnie z Dyrektyw\u0105 UE.","breadcrumb":{"@id":"https:\/\/www.whistlelink.com\/pl\/blog\/ue-skarci-panstwa-czlonkowskie-za-brak-ochrony-sygnalistow\/#breadcrumb"},"inLanguage":"pl-PL","potentialAction":[{"@type":"ReadAction","target":["https:\/\/www.whistlelink.com\/pl\/blog\/ue-skarci-panstwa-czlonkowskie-za-brak-ochrony-sygnalistow\/"]}]},{"@type":"ImageObject","inLanguage":"pl-PL","@id":"https:\/\/www.whistlelink.com\/pl\/blog\/ue-skarci-panstwa-czlonkowskie-za-brak-ochrony-sygnalistow\/#primaryimage","url":"https:\/\/www.whistlelink.com\/wp-content\/uploads\/2022\/04\/EU-scolds-member-states.png","contentUrl":"https:\/\/www.whistlelink.com\/wp-content\/uploads\/2022\/04\/EU-scolds-member-states.png","width":1200,"height":628,"caption":"ochrona sygnalist\u00f3w"},{"@type":"BreadcrumbList","@id":"https:\/\/www.whistlelink.com\/pl\/blog\/ue-skarci-panstwa-czlonkowskie-za-brak-ochrony-sygnalistow\/#breadcrumb","itemListElement":[{"@type":"ListItem","position":1,"name":"Home","item":"https:\/\/www.whistlelink.com\/pl\/"},{"@type":"ListItem","position":2,"name":"Blog","item":"https:\/\/www.whistlelink.com\/pl\/blog\/"},{"@type":"ListItem","position":3,"name":"UE skarci pa\u0144stwa cz\u0142onkowskie za brak ochrony sygnalist\u00f3w\u00a0"}]},{"@type":"WebSite","@id":"https:\/\/www.whistlelink.com\/pl\/#website","url":"https:\/\/www.whistlelink.com\/pl\/","name":"Whistlelink","description":"A trusted provider of secure whistleblowing solutions.","publisher":{"@id":"https:\/\/www.whistlelink.com\/pl\/#organization"},"potentialAction":[{"@type":"SearchAction","target":{"@type":"EntryPoint","urlTemplate":"https:\/\/www.whistlelink.com\/pl\/?s={search_term_string}"},"query-input":{"@type":"PropertyValueSpecification","valueRequired":true,"valueName":"search_term_string"}}],"inLanguage":"pl-PL"},{"@type":"Organization","@id":"https:\/\/www.whistlelink.com\/pl\/#organization","name":"Whistlelink","url":"https:\/\/www.whistlelink.com\/pl\/","logo":{"@type":"ImageObject","inLanguage":"pl-PL","@id":"https:\/\/www.whistlelink.com\/pl\/#\/schema\/logo\/image\/","url":"https:\/\/www.whistlelink.com\/wp-content\/uploads\/2021\/07\/WhistlelinkLogoEmail.png","contentUrl":"https:\/\/www.whistlelink.com\/wp-content\/uploads\/2021\/07\/WhistlelinkLogoEmail.png","width":704,"height":75,"caption":"Whistlelink"},"image":{"@id":"https:\/\/www.whistlelink.com\/pl\/#\/schema\/logo\/image\/"},"sameAs":["https:\/\/www.facebook.com\/whistlelink\/","https:\/\/www.linkedin.com\/company\/whistlelink\/","https:\/\/vimeo.com\/user152082481"]}]}},"_links":{"self":[{"href":"https:\/\/www.whistlelink.com\/pl\/wp-json\/wp\/v2\/blog\/29864","targetHints":{"allow":["GET"]}}],"collection":[{"href":"https:\/\/www.whistlelink.com\/pl\/wp-json\/wp\/v2\/blog"}],"about":[{"href":"https:\/\/www.whistlelink.com\/pl\/wp-json\/wp\/v2\/types\/blog"}],"version-history":[{"count":0,"href":"https:\/\/www.whistlelink.com\/pl\/wp-json\/wp\/v2\/blog\/29864\/revisions"}],"wp:featuredmedia":[{"embeddable":true,"href":"https:\/\/www.whistlelink.com\/pl\/wp-json\/wp\/v2\/media\/29829"}],"wp:attachment":[{"href":"https:\/\/www.whistlelink.com\/pl\/wp-json\/wp\/v2\/media?parent=29864"}],"wp:term":[{"taxonomy":"blog-category","embeddable":true,"href":"https:\/\/www.whistlelink.com\/pl\/wp-json\/wp\/v2\/blog-category?post=29864"}],"curies":[{"name":"wp","href":"https:\/\/api.w.org\/{rel}","templated":true}]}}