{"id":36432,"date":"2022-07-20T12:16:28","date_gmt":"2022-07-20T11:16:28","guid":{"rendered":"https:\/\/www.whistlelink.com\/?post_type=blog&#038;p=36432"},"modified":"2022-07-31T21:25:50","modified_gmt":"2022-07-31T21:25:50","slug":"zglaszanie-nieprawidlowosci-i-covid-19-wplyw-pandemii","status":"publish","type":"blog","link":"https:\/\/www.whistlelink.com\/pl\/blog\/zglaszanie-nieprawidlowosci-i-covid-19-wplyw-pandemii\/","title":{"rendered":"Zg\u0142aszanie nieprawid\u0142owo\u015bci i Covid-19: wp\u0142yw pandemii\u00a0"},"content":{"rendered":"\n<p>W\u015br\u00f3d wielu konsekwencji Covid-19 odnotowano du\u017cy wzrost liczby zg\u0142osze\u0144 nieprawid\u0142owo\u015bci przez sygnalist\u00f3w. Wed\u0142ug <a href=\"https:\/\/protect-advice.org.uk\/\" target=\"_blank\" rel=\"noreferrer noopener\">organizacji informator\u00f3w Protect (Wielka Brytania)<\/a> pandemia Covid-19 spowodowa\u0142a 74% wzrost przypadk\u00f3w zg\u0142aszania nieprawid\u0142owo\u015bci w czerwcu 2020 r. w por\u00f3wnaniu z poprzednim rokiem. Osoby dzwoni\u0105ce na infolini\u0119 Protect wspomnia\u0142y m.in. o problemach zwi\u0105zanych ze zwolnieniami, czy te\u017c nadu\u017cyciem rz\u0105dowej pomocy dla pracodawc\u00f3w. Inne problemy obejmowa\u0142y zagro\u017cenia dla zdrowia, spowodowane brakiem masek na twarz i sprz\u0119tu ochronnego lub niemo\u017cno\u015b\u0107 utrzymania bezpiecznej odleg\u0142o\u015bci fizycznej.\u00a0<\/p>\n\n\n\n<p>Zarz\u0105dzaj\u0105c zg\u0142oszeniami os\u00f3b sygnalist\u00f3w, wa\u017cne jest, aby zdecydowa\u0107, czy wykroczenie le\u017cy w interesie publicznym, czy te\u017c stanowi skarg\u0119 osobist\u0105. W tym przypadku jest ca\u0142kiem jasne, \u017ce organizacje ignoruj\u0105ce wykroczenia zdrowotne zwi\u0105zane z pandemi\u0105, r\u00f3wnie\u017c ryzykuj\u0105 nara\u017ceniem spo\u0142ecze\u0144stwa na niebezpiecze\u0144stwo. Sprawy dotycz\u0105ce informowania o nieprawid\u0142owo\u015bciach w kontek\u015bcie Covid-19 mog\u0105 mie\u0107 wp\u0142yw nie tylko na indywidualne zg\u0142aszanie, ale tak\u017ce cz\u0142onk\u00f3w spo\u0142ecze\u0144stwa. W rezultacie mo\u017ce to r\u00f3wnie\u017c spe\u0142nia\u0107 wym\u00f3g przewinienia o wi\u0119kszym interesie publicznym.\u00a0<\/p>\n\n\n\n<h3 class=\"wp-block-heading\" id=\"h-zglaszanie-nieprawidlowosci-a-covid-19-na-calym-swiecie\">Zg\u0142aszanie nieprawid\u0142owo\u015bci a Covid-19 na ca\u0142ym \u015bwiecie&nbsp;<\/h3>\n\n\n\n<p>Zg\u0142oszenia <a href=\"https:\/\/www.whistlelink.com\/pl\/blog\/co-robic-a-czego-nie-jesli-chodzi-o-zarzadzanie-raportami-o-zglaszaniu-nieprawidlowosci\/\" target=\"_blank\" rel=\"noreferrer noopener\">informuj\u0105ce o nieprawid\u0142owo\u015bciach<\/a>, tzw. whistleblowing zwi\u0105zane z Covid-19 nap\u0142yn\u0119\u0142y na ca\u0142ym \u015bwiecie. Jednym z nich by\u0142 w\u0142oski badacz Francesco Zambon. W sierpniu 2020 r. opublikowa\u0142 niepokoj\u0105cy raport o tym, jak \u017ale przygotowane by\u0142y W\u0142ochy do wybuchu pandemii. Raport zosta\u0142 wycofany ju\u017c nast\u0119pnego dnia. Wed\u0142ug Zambon by\u0142 pod siln\u0105 presj\u0105 ze strony urz\u0119dnik\u00f3w WHO (<a href=\"https:\/\/www.who.int\/\" target=\"_blank\" rel=\"noreferrer noopener\">\u015awiatowej Organizacji Zdrowia<\/a>), aby wprowadzi\u0107 zmiany w swoim raporcie. Zambon zg\u0142osi\u0142 wykroczenie wewn\u0119trznie, ale wed\u0142ug niego by\u0142 ignorowany przez kilka miesi\u0119cy, dop\u00f3ki nie zdecydowa\u0142 si\u0119 zrezygnowa\u0107. W <a href=\"https:\/\/www.transparency.org\/en\/press\/who-ensure-accountability-in-francesco-zambons-case-support-future-whistleblowers\" target=\"_blank\" rel=\"noreferrer noopener\">li\u015bcie otwartym Transparency International krytykuje WHO<\/a> za brak ochrony sygnalist\u00f3w przed odwetem i domaga si\u0119 reformy rozwi\u0105za\u0144 dotycz\u0105cych sygnalizowania nieprawid\u0142owo\u015bci.\u00a0<\/p>\n\n\n\n<p>Inni sygnali\u015bci to osoby pracuj\u0105ce w opiece zdrowotnej, kt\u00f3re wypowiada\u0142y si\u0119 w mediach spo\u0142eczno\u015bciowych o braku maseczek i sprz\u0119tu ochronnego. Polska po\u0142o\u017cna Renata Pi\u017canowska zosta\u0142a zwolniona w marcu 2020 r., po tym, jak pokaza\u0142a, jak personel pr\u00f3bowa\u0142 chroni\u0107 si\u0119 za pomoc\u0105 domowych masek na twarz wykonanych z papierowych r\u0119cznik\u00f3w i gumek. W szpitalu brakowa\u0142o odpowiedniego sprz\u0119tu ochronnego, takiego jak maski na twarz, kombinezony jednorazowe i r\u0119kawiczki.\u00a0<\/p>\n\n\n\n<p>W Szwecji, Stine Christophersen, asystentka piel\u0119gniarki, i Ingrid Leirnes, sekretarka medyczna, byli obiektem represji ze strony swoich pracodawc\u00f3w. Obaj publicznie krytykowali niedoci\u0105gni\u0119cia w bezpiecze\u0144stwie pacjent\u00f3w podczas pandemii Covid-19. Stine i Ingrid otrzymali p\u00f3\u017aniej nagrod\u0119 za zg\u0142aszanie nieprawid\u0142owo\u015bci od Transparency International Sweden.&nbsp;<\/p>\n\n\n\n<p>M\u00f3wi\u0105c o whistleblowingu podczas pandemii Covid-19, by\u0107 mo\u017ce jednym z najbardziej znanych sygnalist\u00f3w jest <a href=\"https:\/\/en.wikipedia.org\/wiki\/Li_Wenliang\" target=\"_blank\" rel=\"noreferrer noopener\">dr Li Wenliang<\/a>. Pr\u00f3bowa\u0142 ostrzec przed nowym wirusem, kt\u00f3ry zacz\u0105\u0142 rozprzestrzenia\u0107 si\u0119 w Wuhan, ale zosta\u0142 uciszony przez lokalne w\u0142adze chi\u0144skie. Sam dr Li Wenliang pad\u0142 ofiar\u0105 Covid-19 i zmar\u0142 w wieku zaledwie 33 lat.&nbsp;<\/p>\n\n\n\n<h3 class=\"wp-block-heading\">Jak firmy i organizacje mog\u0105 dobrze radzi\u0107 sobie z whistleblowingiem?&nbsp;<\/h3>\n\n\n\n<p>Sygnali\u015bci \u015bwiadcz\u0105 zar\u00f3wno spo\u0142ecze\u0144stwu, jak i organizacjom wielk\u0105 przys\u0142ug\u0119, zwracaj\u0105c uwag\u0119 na niew\u0142a\u015bciwe post\u0119powanie i problemy, i s\u0105 niezwykle cenni w czasach globalnego problemu z bezpiecze\u0144stwem. Spos\u00f3b, w jaki organizacja b\u0119dzie zarz\u0105dza\u0107 raportami sygnalist\u00f3w i reagowa\u0107 na nie, mo\u017ce mie\u0107 kluczowe znaczenie dla reputacji firmy. Obiektywna i profesjonalna postawa szanuje zar\u00f3wno pracownik\u00f3w, jak i w\u0142a\u015bcicieli firmy oraz innych interesariuszy.&nbsp;<\/p>\n\n\n\n<p>Wzrost liczby przypadk\u00f3w zg\u0142aszania nieprawid\u0142owo\u015bci podczas pandemii Covid-19 pokazuje nam, jak <a href=\"https:\/\/www.whistlelink.com\/pl\/blog\/6-wskazowek-jak-stworzyc-dobra-polityke-whistleblowingowa\/\" target=\"_blank\" rel=\"noreferrer noopener\">wa\u017cna jest dobrze napisana polityka informowania o nieprawid\u0142owo\u015bciach<\/a>. Polityka powinna by\u0107 adekwatna i aktualna, dobrym pomys\u0142em jest te\u017c organizowanie cz\u0119stej edukacji wewn\u0119trznej na temat whistleblowingu. Systemy zg\u0142aszania nieprawid\u0142owo\u015bci musz\u0105 by\u0107 \u0142atwo dost\u0119pne, a ca\u0142a dokumentacja dotycz\u0105ca kana\u0142u zg\u0142aszania nieprawid\u0142owo\u015bci musi by\u0107 dost\u0119pna dla wszystkich.&nbsp;<\/p>\n\n\n\n<p>Zwr\u00f3\u0107 tak\u017ce uwag\u0119 na pojawiaj\u0105ce si\u0119 zagro\u017cenia w miar\u0119 rozwoju organizacji. Zainwestuj w anga\u017cowanie pracownik\u00f3w i dbanie o ich dobre samopoczucie. Wa\u017cne jest, aby pracownicy czuli, \u017ce znajduj\u0105 si\u0119 w bezpiecznym \u015brodowisku i czuj\u0105 si\u0119 komfortowo, alarmuj\u0105c o problemach wewn\u0119trznych i niew\u0142a\u015bciwym post\u0119powaniu. W ten spos\u00f3b mo\u017cna unikn\u0105\u0107 zg\u0142osze\u0144 sygnalist\u00f3w na zewn\u0105trz lub kontaktu z mediami, co mo\u017ce mie\u0107 negatywny wp\u0142yw na reputacj\u0119 firmy.&nbsp;<\/p>\n\n\n\n<p>Po pracy zdalnej podczas pandemii Covid-19 wielu pracownik\u00f3w wraca teraz do swoich biur. To bezsprzecznie w\u0142a\u015bciwy moment na stworzenie bezpiecznego miejsca pracy, do kt\u00f3rego pracownicy b\u0119d\u0105 wraca\u0107.&nbsp;<\/p>\n\n\n\n<h3 class=\"wp-block-heading\" id=\"h-\"><\/h3>\n\n\n\n<p>Czy chcesz dowiedzie\u0107 si\u0119 wi\u0119cej o us\u0142udze zg\u0142aszania nieprawid\u0142owo\u015bci i bezpiecznych kana\u0142ach wewn\u0119trznych? Przeczytaj wi\u0119cej o Dyrektywie UE w zakresie whistleblowing <a href=\"https:\/\/www.whistlelink.com\/pl\/dyrektywa-ue-w-zakresie-ochrony-sygnalistow\/\">tutaj<\/a> oraz na stronie <a href=\"https:\/\/legislacja.gov.pl\/projekt\/12352401\">Rz\u0105dowego Centrum Legislacji<\/a><\/p>\n\n\n\n<p>Szukasz poufnego kana\u0142u do zg\u0142aszania nieprawid\u0142owo\u015bci? Przeczytaj wi\u0119cej <a href=\"https:\/\/www.whistlelink.com\/pl\/produkt\/\">tutaj<\/a>.<\/p>\n\n\n\n<p>Czy chcia\u0142by\u015b om\u00f3wi\u0107 system whistleblowingu dla swojej firmy?<\/p>\n\n\n\n<p><a href=\"https:\/\/www.whistlelink.com\/pl\/porozmawiaj-z-nami\/\">Skontaktuj si\u0119<\/a> z nami lub <a href=\"https:\/\/www.whistlelink.com\/pl\/zamow-prezentacje\/\">zarezerwuj bezp\u0142atne demo<\/a>!<\/p>\n","protected":false},"excerpt":{"rendered":"<p>W\u015br\u00f3d wielu konsekwencji Covid-19 odnotowano du\u017cy wzrost liczby zg\u0142osze\u0144 nieprawid\u0142owo\u015bci przez sygnalist\u00f3w. Wed\u0142ug organizacji informator\u00f3w Protect (Wielka Brytania) pandemia Covid-19 spowodowa\u0142a 74% wzrost przypadk\u00f3w zg\u0142aszania nieprawid\u0142owo\u015bci w czerwcu 2020 r. w por\u00f3wnaniu z poprzednim rokiem. Osoby dzwoni\u0105ce na infolini\u0119 Protect wspomnia\u0142y m.in. o problemach zwi\u0105zanych ze zwolnieniami, czy te\u017c nadu\u017cyciem rz\u0105dowej pomocy dla pracodawc\u00f3w. Inne [&hellip;]<\/p>\n","protected":false},"featured_media":36252,"template":"","format":"standard","blog-category":[240,212],"class_list":["post-36432","blog","type-blog","status-publish","format-standard","has-post-thumbnail","hentry","blog-category-aktualnosci","blog-category-artykuly"],"yoast_head":"<!-- This site is optimized with the Yoast SEO Premium plugin v27.3 (Yoast SEO v27.4) - https:\/\/yoast.com\/product\/yoast-seo-premium-wordpress\/ -->\n<title>Zg\u0142aszanie nieprawid\u0142owo\u015bci i Covid-19: wp\u0142yw pandemii\u00a0 - Whistlelink<\/title>\n<meta name=\"description\" content=\"gnorowanie zagro\u017ce\u0144 dla zdrowia lub niew\u0142a\u015bciwego post\u0119powania mo\u017ce by\u0107 niebezpieczne. Podczas pandemii Covid-19 nast\u0105pi\u0142 globalny wzrost przypadk\u00f3w zg\u0142aszania nieprawid\u0142owo\u015bci.\" \/>\n<meta name=\"robots\" content=\"index, follow, max-snippet:-1, max-image-preview:large, max-video-preview:-1\" \/>\n<link rel=\"canonical\" href=\"https:\/\/www.whistlelink.com\/pl\/blog\/zglaszanie-nieprawidlowosci-i-covid-19-wplyw-pandemii\/\" \/>\n<meta property=\"og:locale\" content=\"pl_PL\" \/>\n<meta property=\"og:type\" content=\"article\" \/>\n<meta property=\"og:title\" content=\"Zg\u0142aszanie nieprawid\u0142owo\u015bci i Covid-19: wp\u0142yw pandemii\u00a0\" \/>\n<meta property=\"og:description\" content=\"gnorowanie zagro\u017ce\u0144 dla zdrowia lub niew\u0142a\u015bciwego post\u0119powania mo\u017ce by\u0107 niebezpieczne. Podczas pandemii Covid-19 nast\u0105pi\u0142 globalny wzrost przypadk\u00f3w zg\u0142aszania nieprawid\u0142owo\u015bci.\" \/>\n<meta property=\"og:url\" content=\"https:\/\/www.whistlelink.com\/pl\/blog\/zglaszanie-nieprawidlowosci-i-covid-19-wplyw-pandemii\/\" \/>\n<meta property=\"og:site_name\" content=\"Whistlelink\" \/>\n<meta property=\"article:publisher\" content=\"https:\/\/www.facebook.com\/whistlelink\/\" \/>\n<meta property=\"article:modified_time\" content=\"2022-07-31T21:25:50+00:00\" \/>\n<meta property=\"og:image\" content=\"https:\/\/www.whistlelink.com\/wp-content\/uploads\/2022\/07\/Whistleblowing-in-a-pandemic.png\" \/>\n\t<meta property=\"og:image:width\" content=\"1200\" \/>\n\t<meta property=\"og:image:height\" content=\"628\" \/>\n\t<meta property=\"og:image:type\" content=\"image\/png\" \/>\n<meta name=\"twitter:card\" content=\"summary_large_image\" \/>\n<meta name=\"twitter:label1\" content=\"Szacowany czas czytania\" \/>\n\t<meta name=\"twitter:data1\" content=\"5 minut\" \/>\n<script type=\"application\/ld+json\" class=\"yoast-schema-graph\">{\"@context\":\"https:\\\/\\\/schema.org\",\"@graph\":[{\"@type\":\"WebPage\",\"@id\":\"https:\\\/\\\/www.whistlelink.com\\\/pl\\\/blog\\\/zglaszanie-nieprawidlowosci-i-covid-19-wplyw-pandemii\\\/\",\"url\":\"https:\\\/\\\/www.whistlelink.com\\\/pl\\\/blog\\\/zglaszanie-nieprawidlowosci-i-covid-19-wplyw-pandemii\\\/\",\"name\":\"Zg\u0142aszanie nieprawid\u0142owo\u015bci i Covid-19: wp\u0142yw pandemii\u00a0 - Whistlelink\",\"isPartOf\":{\"@id\":\"https:\\\/\\\/www.whistlelink.com\\\/pl\\\/#website\"},\"primaryImageOfPage\":{\"@id\":\"https:\\\/\\\/www.whistlelink.com\\\/pl\\\/blog\\\/zglaszanie-nieprawidlowosci-i-covid-19-wplyw-pandemii\\\/#primaryimage\"},\"image\":{\"@id\":\"https:\\\/\\\/www.whistlelink.com\\\/pl\\\/blog\\\/zglaszanie-nieprawidlowosci-i-covid-19-wplyw-pandemii\\\/#primaryimage\"},\"thumbnailUrl\":\"https:\\\/\\\/www.whistlelink.com\\\/wp-content\\\/uploads\\\/2022\\\/07\\\/Whistleblowing-in-a-pandemic.png\",\"datePublished\":\"2022-07-20T11:16:28+00:00\",\"dateModified\":\"2022-07-31T21:25:50+00:00\",\"description\":\"gnorowanie zagro\u017ce\u0144 dla zdrowia lub niew\u0142a\u015bciwego post\u0119powania mo\u017ce by\u0107 niebezpieczne. Podczas pandemii Covid-19 nast\u0105pi\u0142 globalny wzrost przypadk\u00f3w zg\u0142aszania nieprawid\u0142owo\u015bci.\",\"breadcrumb\":{\"@id\":\"https:\\\/\\\/www.whistlelink.com\\\/pl\\\/blog\\\/zglaszanie-nieprawidlowosci-i-covid-19-wplyw-pandemii\\\/#breadcrumb\"},\"inLanguage\":\"pl-PL\",\"potentialAction\":[{\"@type\":\"ReadAction\",\"target\":[\"https:\\\/\\\/www.whistlelink.com\\\/pl\\\/blog\\\/zglaszanie-nieprawidlowosci-i-covid-19-wplyw-pandemii\\\/\"]}]},{\"@type\":\"ImageObject\",\"inLanguage\":\"pl-PL\",\"@id\":\"https:\\\/\\\/www.whistlelink.com\\\/pl\\\/blog\\\/zglaszanie-nieprawidlowosci-i-covid-19-wplyw-pandemii\\\/#primaryimage\",\"url\":\"https:\\\/\\\/www.whistlelink.com\\\/wp-content\\\/uploads\\\/2022\\\/07\\\/Whistleblowing-in-a-pandemic.png\",\"contentUrl\":\"https:\\\/\\\/www.whistlelink.com\\\/wp-content\\\/uploads\\\/2022\\\/07\\\/Whistleblowing-in-a-pandemic.png\",\"width\":1200,\"height\":628,\"caption\":\"Zg\u0142aszanie nieprawid\u0142owo\u015bci a Covid-19\"},{\"@type\":\"BreadcrumbList\",\"@id\":\"https:\\\/\\\/www.whistlelink.com\\\/pl\\\/blog\\\/zglaszanie-nieprawidlowosci-i-covid-19-wplyw-pandemii\\\/#breadcrumb\",\"itemListElement\":[{\"@type\":\"ListItem\",\"position\":1,\"name\":\"Home\",\"item\":\"https:\\\/\\\/www.whistlelink.com\\\/pl\\\/\"},{\"@type\":\"ListItem\",\"position\":2,\"name\":\"Blog\",\"item\":\"https:\\\/\\\/www.whistlelink.com\\\/pl\\\/blog\\\/\"},{\"@type\":\"ListItem\",\"position\":3,\"name\":\"Zg\u0142aszanie nieprawid\u0142owo\u015bci i Covid-19: wp\u0142yw pandemii\u00a0\"}]},{\"@type\":\"WebSite\",\"@id\":\"https:\\\/\\\/www.whistlelink.com\\\/pl\\\/#website\",\"url\":\"https:\\\/\\\/www.whistlelink.com\\\/pl\\\/\",\"name\":\"Whistlelink\",\"description\":\"A trusted provider of secure whistleblowing solutions.\",\"publisher\":{\"@id\":\"https:\\\/\\\/www.whistlelink.com\\\/pl\\\/#organization\"},\"potentialAction\":[{\"@type\":\"SearchAction\",\"target\":{\"@type\":\"EntryPoint\",\"urlTemplate\":\"https:\\\/\\\/www.whistlelink.com\\\/pl\\\/?s={search_term_string}\"},\"query-input\":{\"@type\":\"PropertyValueSpecification\",\"valueRequired\":true,\"valueName\":\"search_term_string\"}}],\"inLanguage\":\"pl-PL\"},{\"@type\":\"Organization\",\"@id\":\"https:\\\/\\\/www.whistlelink.com\\\/pl\\\/#organization\",\"name\":\"Whistlelink\",\"url\":\"https:\\\/\\\/www.whistlelink.com\\\/pl\\\/\",\"logo\":{\"@type\":\"ImageObject\",\"inLanguage\":\"pl-PL\",\"@id\":\"https:\\\/\\\/www.whistlelink.com\\\/pl\\\/#\\\/schema\\\/logo\\\/image\\\/\",\"url\":\"https:\\\/\\\/www.whistlelink.com\\\/wp-content\\\/uploads\\\/2021\\\/07\\\/WhistlelinkLogoEmail.png\",\"contentUrl\":\"https:\\\/\\\/www.whistlelink.com\\\/wp-content\\\/uploads\\\/2021\\\/07\\\/WhistlelinkLogoEmail.png\",\"width\":704,\"height\":75,\"caption\":\"Whistlelink\"},\"image\":{\"@id\":\"https:\\\/\\\/www.whistlelink.com\\\/pl\\\/#\\\/schema\\\/logo\\\/image\\\/\"},\"sameAs\":[\"https:\\\/\\\/www.facebook.com\\\/whistlelink\\\/\",\"https:\\\/\\\/www.linkedin.com\\\/company\\\/whistlelink\\\/\",\"https:\\\/\\\/vimeo.com\\\/user152082481\"]}]}<\/script>\n<!-- \/ Yoast SEO Premium plugin. -->","yoast_head_json":{"title":"Zg\u0142aszanie nieprawid\u0142owo\u015bci i Covid-19: wp\u0142yw pandemii\u00a0 - Whistlelink","description":"gnorowanie zagro\u017ce\u0144 dla zdrowia lub niew\u0142a\u015bciwego post\u0119powania mo\u017ce by\u0107 niebezpieczne. Podczas pandemii Covid-19 nast\u0105pi\u0142 globalny wzrost przypadk\u00f3w zg\u0142aszania nieprawid\u0142owo\u015bci.","robots":{"index":"index","follow":"follow","max-snippet":"max-snippet:-1","max-image-preview":"max-image-preview:large","max-video-preview":"max-video-preview:-1"},"canonical":"https:\/\/www.whistlelink.com\/pl\/blog\/zglaszanie-nieprawidlowosci-i-covid-19-wplyw-pandemii\/","og_locale":"pl_PL","og_type":"article","og_title":"Zg\u0142aszanie nieprawid\u0142owo\u015bci i Covid-19: wp\u0142yw pandemii\u00a0","og_description":"gnorowanie zagro\u017ce\u0144 dla zdrowia lub niew\u0142a\u015bciwego post\u0119powania mo\u017ce by\u0107 niebezpieczne. Podczas pandemii Covid-19 nast\u0105pi\u0142 globalny wzrost przypadk\u00f3w zg\u0142aszania nieprawid\u0142owo\u015bci.","og_url":"https:\/\/www.whistlelink.com\/pl\/blog\/zglaszanie-nieprawidlowosci-i-covid-19-wplyw-pandemii\/","og_site_name":"Whistlelink","article_publisher":"https:\/\/www.facebook.com\/whistlelink\/","article_modified_time":"2022-07-31T21:25:50+00:00","og_image":[{"width":1200,"height":628,"url":"https:\/\/www.whistlelink.com\/wp-content\/uploads\/2022\/07\/Whistleblowing-in-a-pandemic.png","type":"image\/png"}],"twitter_card":"summary_large_image","twitter_misc":{"Szacowany czas czytania":"5 minut"},"schema":{"@context":"https:\/\/schema.org","@graph":[{"@type":"WebPage","@id":"https:\/\/www.whistlelink.com\/pl\/blog\/zglaszanie-nieprawidlowosci-i-covid-19-wplyw-pandemii\/","url":"https:\/\/www.whistlelink.com\/pl\/blog\/zglaszanie-nieprawidlowosci-i-covid-19-wplyw-pandemii\/","name":"Zg\u0142aszanie nieprawid\u0142owo\u015bci i Covid-19: wp\u0142yw pandemii\u00a0 - Whistlelink","isPartOf":{"@id":"https:\/\/www.whistlelink.com\/pl\/#website"},"primaryImageOfPage":{"@id":"https:\/\/www.whistlelink.com\/pl\/blog\/zglaszanie-nieprawidlowosci-i-covid-19-wplyw-pandemii\/#primaryimage"},"image":{"@id":"https:\/\/www.whistlelink.com\/pl\/blog\/zglaszanie-nieprawidlowosci-i-covid-19-wplyw-pandemii\/#primaryimage"},"thumbnailUrl":"https:\/\/www.whistlelink.com\/wp-content\/uploads\/2022\/07\/Whistleblowing-in-a-pandemic.png","datePublished":"2022-07-20T11:16:28+00:00","dateModified":"2022-07-31T21:25:50+00:00","description":"gnorowanie zagro\u017ce\u0144 dla zdrowia lub niew\u0142a\u015bciwego post\u0119powania mo\u017ce by\u0107 niebezpieczne. Podczas pandemii Covid-19 nast\u0105pi\u0142 globalny wzrost przypadk\u00f3w zg\u0142aszania nieprawid\u0142owo\u015bci.","breadcrumb":{"@id":"https:\/\/www.whistlelink.com\/pl\/blog\/zglaszanie-nieprawidlowosci-i-covid-19-wplyw-pandemii\/#breadcrumb"},"inLanguage":"pl-PL","potentialAction":[{"@type":"ReadAction","target":["https:\/\/www.whistlelink.com\/pl\/blog\/zglaszanie-nieprawidlowosci-i-covid-19-wplyw-pandemii\/"]}]},{"@type":"ImageObject","inLanguage":"pl-PL","@id":"https:\/\/www.whistlelink.com\/pl\/blog\/zglaszanie-nieprawidlowosci-i-covid-19-wplyw-pandemii\/#primaryimage","url":"https:\/\/www.whistlelink.com\/wp-content\/uploads\/2022\/07\/Whistleblowing-in-a-pandemic.png","contentUrl":"https:\/\/www.whistlelink.com\/wp-content\/uploads\/2022\/07\/Whistleblowing-in-a-pandemic.png","width":1200,"height":628,"caption":"Zg\u0142aszanie nieprawid\u0142owo\u015bci a Covid-19"},{"@type":"BreadcrumbList","@id":"https:\/\/www.whistlelink.com\/pl\/blog\/zglaszanie-nieprawidlowosci-i-covid-19-wplyw-pandemii\/#breadcrumb","itemListElement":[{"@type":"ListItem","position":1,"name":"Home","item":"https:\/\/www.whistlelink.com\/pl\/"},{"@type":"ListItem","position":2,"name":"Blog","item":"https:\/\/www.whistlelink.com\/pl\/blog\/"},{"@type":"ListItem","position":3,"name":"Zg\u0142aszanie nieprawid\u0142owo\u015bci i Covid-19: wp\u0142yw pandemii\u00a0"}]},{"@type":"WebSite","@id":"https:\/\/www.whistlelink.com\/pl\/#website","url":"https:\/\/www.whistlelink.com\/pl\/","name":"Whistlelink","description":"A trusted provider of secure whistleblowing solutions.","publisher":{"@id":"https:\/\/www.whistlelink.com\/pl\/#organization"},"potentialAction":[{"@type":"SearchAction","target":{"@type":"EntryPoint","urlTemplate":"https:\/\/www.whistlelink.com\/pl\/?s={search_term_string}"},"query-input":{"@type":"PropertyValueSpecification","valueRequired":true,"valueName":"search_term_string"}}],"inLanguage":"pl-PL"},{"@type":"Organization","@id":"https:\/\/www.whistlelink.com\/pl\/#organization","name":"Whistlelink","url":"https:\/\/www.whistlelink.com\/pl\/","logo":{"@type":"ImageObject","inLanguage":"pl-PL","@id":"https:\/\/www.whistlelink.com\/pl\/#\/schema\/logo\/image\/","url":"https:\/\/www.whistlelink.com\/wp-content\/uploads\/2021\/07\/WhistlelinkLogoEmail.png","contentUrl":"https:\/\/www.whistlelink.com\/wp-content\/uploads\/2021\/07\/WhistlelinkLogoEmail.png","width":704,"height":75,"caption":"Whistlelink"},"image":{"@id":"https:\/\/www.whistlelink.com\/pl\/#\/schema\/logo\/image\/"},"sameAs":["https:\/\/www.facebook.com\/whistlelink\/","https:\/\/www.linkedin.com\/company\/whistlelink\/","https:\/\/vimeo.com\/user152082481"]}]}},"_links":{"self":[{"href":"https:\/\/www.whistlelink.com\/pl\/wp-json\/wp\/v2\/blog\/36432","targetHints":{"allow":["GET"]}}],"collection":[{"href":"https:\/\/www.whistlelink.com\/pl\/wp-json\/wp\/v2\/blog"}],"about":[{"href":"https:\/\/www.whistlelink.com\/pl\/wp-json\/wp\/v2\/types\/blog"}],"version-history":[{"count":0,"href":"https:\/\/www.whistlelink.com\/pl\/wp-json\/wp\/v2\/blog\/36432\/revisions"}],"wp:featuredmedia":[{"embeddable":true,"href":"https:\/\/www.whistlelink.com\/pl\/wp-json\/wp\/v2\/media\/36252"}],"wp:attachment":[{"href":"https:\/\/www.whistlelink.com\/pl\/wp-json\/wp\/v2\/media?parent=36432"}],"wp:term":[{"taxonomy":"blog-category","embeddable":true,"href":"https:\/\/www.whistlelink.com\/pl\/wp-json\/wp\/v2\/blog-category?post=36432"}],"curies":[{"name":"wp","href":"https:\/\/api.w.org\/{rel}","templated":true}]}}