{"id":17851,"date":"2022-06-15T15:52:00","date_gmt":"2022-06-15T14:52:00","guid":{"rendered":"https:\/\/www.whistlelink.com\/?post_type=blog&#038;p=17851"},"modified":"2022-06-29T13:48:23","modified_gmt":"2022-06-29T13:48:23","slug":"eus-visselblasardirektiv-status-i-de-olika-landerna","status":"publish","type":"blog","link":"https:\/\/www.whistlelink.com\/sv\/blog\/eus-visselblasardirektiv-status-i-de-olika-landerna\/","title":{"rendered":"EU:s visselbl\u00e5sardirektiv \u2013 Status f\u00f6r nationella lagar i medlemsl\u00e4nderna\u00a0"},"content":{"rendered":"\n<p><a href=\"https:\/\/www.whistlelink.com\/sv\/eus-visselblasardirektiv\/\" target=\"_blank\" rel=\"noreferrer noopener\">EU-direktivets deadline \u00e4r h\u00e4r<\/a>! <strong>Alla medlemsl\u00e4nder ska implementera visselbl\u00e5sardirektivet i sin nationella lagstiftning. Se status f\u00f6r medlemsl\u00e4ndernas nationella visselbl\u00e5sarlagar h\u00e4r.\u00a0<\/strong>\u00a0<\/p>\n\n\n\n<p>EU:s visselbl\u00e5sardirektiv (2019\/1937) tr\u00e4dde i kraft fredagen den 17 december 2021.&nbsp;<\/p>\n\n\n\n<p>Vad betyder det?&nbsp;<\/p>\n\n\n\n<p>Det var allts\u00e5 dagen d\u00e5 alla EU-medlemsstater b\u00f6r implementera visselbl\u00e5sardirektivet i nationell lagstiftning.\u00a0<\/p>\n\n\n\n<p>Och har de gjort det?&nbsp;<\/p>\n\n\n\n<p>Inte exakt.&nbsp;<\/p>\n\n\n\n<p>L\u00e5t oss ta en titt p\u00e5 status ang\u00e5ende medlemsl\u00e4ndernas nationella lagstiftning om skydd f\u00f6r visselbl\u00e5sare.&nbsp;<\/p>\n\n\n\n<p><em>Senaste uppdatering: Juni 2022<\/em>&nbsp;<\/p>\n\n\n\n<h3 class=\"wp-block-heading\">Belgien&nbsp;<\/h3>\n\n\n\n<p>Det har skett minimalt med utveckling sedan f\u00f6rra sommaren (2021), men nyligen har Belgien sett vissa framsteg n\u00e4r det g\u00e4ller att implementera visselbl\u00e5sardirektivet i nationell lagstiftning. F\u00f6r n\u00e4rvarande har den federala regeringen utvecklat lagstiftning specifikt f\u00f6r den privata sektorn. Detta skulle omfatta visselbl\u00e5sning relaterat till skatte- och bidragsbedr\u00e4geri (men n\u00e4mner inte korruption). Ett annat utkast som ska t\u00e4cka den offentliga sektorn kan publiceras snart. Detta tyder p\u00e5 att Belgien skulle kunna slutf\u00f6ra hela lagstiftningsprocessen n\u00e5gon g\u00e5ng i h\u00f6st.\u00a0<\/p>\n\n\n\n<h3 class=\"wp-block-heading\">Bulgarien&nbsp;<\/h3>\n\n\n\n<p>Efter offentlig konsultation om ett utkast till visselbl\u00e5sarlag har justitieministeriet publicerat inl\u00e4mnade yttranden. Olika aspekter av det f\u00f6reslagna ramverket analyserades, inklusive:&nbsp;<\/p>\n\n\n\n<ul class=\"wp-block-list\"><li>Ska visselbl\u00e5sarskyddet begr\u00e4nsas till brott mot unionsr\u00e4tten eller ut\u00f6kas f\u00f6r att skydda personer som rapporterar om \u00e4renden av allm\u00e4nt intresse. De flesta \u00e4r positivt inst\u00e4llda till att inkludera ytterligare sektorer som anses ha h\u00f6ga risk, personer som rapporterar om olagliga aktiviteter enligt nationell lagstiftning och information av allm\u00e4nt intresse.\u00a0<\/li><li>Vilka institutioner som ska uppr\u00e4tth\u00e5lla externa visselbl\u00e5sarkanaler. \u00c5sikterna \u00e4r delade om det ska finnas en enda central myndighet eller flera utsedda enheter.\u00a0<\/li><li>Om privata organisationer med f\u00e4rre \u00e4n 50 anst\u00e4llda ska vara skyldiga att uppr\u00e4tth\u00e5lla rapporteringskanaler.\u00a0<\/li><li>Om anonym rapportering ska accepteras och under vilka f\u00f6ruts\u00e4ttningar. Detta delar starkt \u00e5sikterna i Bulgarien och fr\u00e5gan v\u00e4cker debatt.\u00a0<\/li><li>Goda sk\u00e4l att acceptera anonyma rapporter inkluderar bristande tillit till och f\u00f6rtroende f\u00f6r offentliga myndigheter, samt r\u00e4dsla f\u00f6r repressalier. \u00c5 andra sidan fruktar man att systemet skulle kunna missbrukas av illvilliga personer.\u00a0<\/li><\/ul>\n\n\n\n<div style=\"height:24px\" aria-hidden=\"true\" class=\"wp-block-spacer\"><\/div>\n\n\n\n<h3 class=\"wp-block-heading\">Cypern&nbsp;<\/h3>\n\n\n\n<p>Det cypriotiska parlamentet antog den 20 januari 2022 en ny nationell lag om skydd f\u00f6r visselbl\u00e5sare, med titeln; &#8221;<a href=\"https:\/\/www.dataguidance.com\/sites\/default\/files\/2022_1_006.pdf\" target=\"_blank\" rel=\"noreferrer noopener\">Skydd f\u00f6r personer som rapporterar brott mot EU-lagar och nationell lag fr\u00e5n 2022<\/a>&#8221;.\u00a0<\/p>\n\n\n\n<p>Den nya lagen handlar mestadels om kr\u00e4nkningar som kan skada andra eller skada milj\u00f6n. Det omfattar \u00e4ven tredje parter som \u00e4r kopplade till personen som kan drabbas av repressalier.&nbsp;<\/p>\n\n\n\n<p>Lagen kr\u00e4ver att organisationer implementerar interna rapporteringskanaler som s\u00e4kerst\u00e4ller visselbl\u00e5sarens anonymitet. Det kommer att betraktas som ett brott att hindra n\u00e5gon fr\u00e5n att g\u00f6ra en anm\u00e4lan, att h\u00e4mnas mot en visselbl\u00e5sare eller att f\u00f6rs\u00f6ka bort skyddet f\u00f6r visselbl\u00e5sarens anonymitet.&nbsp;<\/p>\n\n\n\n<h3 class=\"wp-block-heading\">Danmark&nbsp;<\/h3>\n\n\n\n<p>Det f\u00f6rsta landet att implementera visselbl\u00e5sardirektivet i nationell lagstiftning. Den nya Whistleblower Act, kallad &#8221;Lov om beskyttelse af whistleblowere&#8221;, antogs i juni 2021 och har nu tr\u00e4tt i kraft (december 2021).\u00a0<\/p>\n\n\n\n<p>Den danska lagen utvidgar direktivets till\u00e4mpningsomr\u00e5de bortom rapporter om \u00f6vertr\u00e4delser av bara viss EU-lagstiftning, den omfattar \u00e4ven dansk lag, inkl. anm\u00e4lningar av allvarlig karakt\u00e4r som sexuella trakasserier eller andra allvarliga personliga konflikter p\u00e5 jobbet. Det inkluderar dock inte skydd f\u00f6r rapporter som r\u00f6r nationell s\u00e4kerhet eller medicinsk information som omfattas av h\u00e4lsolagen.&nbsp;<\/p>\n\n\n\n<h3 class=\"wp-block-heading\">Estland&nbsp;<\/h3>\n\n\n\n<p>Ett nytt lagf\u00f6rslag om skydd f\u00f6r visselbl\u00e5sare har godk\u00e4nts av den estniska regeringen. Lagf\u00f6rslaget har skickats till riksdagen och \u00e4r planerat till behandling i \u00e5r. Den nya lagen ber\u00e4knas tr\u00e4da i kraft i juni 2022.&nbsp;<\/p>\n\n\n\n<h3 class=\"wp-block-heading\">Finland<\/h3>\n\n\n\n<p>Offentlig konsultation om utkastet till lagf\u00f6rslag avslutades i augusti 2021 och f\u00f6rslaget f\u00f6rv\u00e4ntades ursprungligen l\u00e4ggas fram i riksdagen i september 2021. Men efter \u00e5terkoppling p\u00e5 utkastet till regeringens proposition har arbetsgruppen, som f\u00f6rbereder den finska lagstiftningen, varit tvungen att skjuta upp tidsfristen tv\u00e5 g\u00e5nger medan man \u00f6verv\u00e4ger \u00e4ndringar i f\u00f6rslaget.&nbsp;<\/p>\n\n\n\n<h3 class=\"wp-block-heading\">Frankrike&nbsp;<\/h3>\n\n\n\n<p>Det franska parlamentet har 22 februari antagit en ny lag &#8211; <a href=\"https:\/\/www.legifrance.gouv.fr\/jorf\/id\/JORFTEXT000045388745\" target=\"_blank\" rel=\"noreferrer noopener\">Loi n\u00b0 2022-401\u202f visant \u00e0 am\u00e9liorer la protection des lanceurs d&#8217;alerte<\/a>, \u00e4ven kallad Wasermann-lagen. Den nya lagen g\u00e5r ut\u00f6ver Frankrikes Sapin 2-lag och minimikraven i EU-direktivet, inklusive sanktioner om organisationer underl\u00e5ter att f\u00f6lja lagen.&nbsp;<\/p>\n\n\n\n<p>F\u00f6r mer information, l\u00e4s <a href=\"https:\/\/www.whistlelink.com\/blog\/france-transposes-eu-whistleblowing-directive-into-national-law\/\" target=\"_blank\" rel=\"noreferrer noopener\">detta inl\u00e4gg om den nya franska lagen.<\/a>\u00a0<\/p>\n\n\n\n<h3 class=\"wp-block-heading\">Grekland&nbsp;<\/h3>\n\n\n\n<p>Implementeringen av visselbl\u00e5sardirektivet och en ny lag om skydd f\u00f6r visselbl\u00e5sare i Grekland har f\u00f6rsenats, och flera samh\u00e4llsorganisationer konstaterar att de n\u00f6dv\u00e4ndiga r\u00e4ttsliga reformerna har saknat transparens och inkludering. Justitiedepartementet har \u00e4nnu inte l\u00e4mnat n\u00e5gon information om processen.\u00a0<\/p>\n\n\n\n<h3 class=\"wp-block-heading\">Irland&nbsp;<\/h3>\n\n\n\n<p>Ett nytt lagf\u00f6rslag om skydd f\u00f6r visselbl\u00e5sare publicerades i Irland i februari 2022. The Protected Disclosures (Amendment) Bill 2022 syftar till att implementera visselbl\u00e5sardirektivet i irl\u00e4ndsk nationell lagstiftning genom att \u00e4ndra den nuvarande lagen fr\u00e5n 2014.\u00a0<\/p>\n\n\n\n<p>Transparency International Ireland p\u00e5pekade oro f\u00f6r att vissa \u00e5tg\u00e4rder faktiskt skulle kunna f\u00f6rsvaga befintligt skydd f\u00f6r irl\u00e4ndska visselbl\u00e5sare. Detta skulle inneb\u00e4ra att Irland bryter mot EU-direktivet som s\u00e4ger att inf\u00f6rlivandet av EU:s visselbl\u00e5sardirektiv under inga omst\u00e4ndigheter b\u00f6r minska den skyddsniv\u00e5 som redan finns i medlemsstaterna. Lagf\u00f6rslaget fick mer tid f\u00f6r \u00f6verv\u00e4ganden efter rekommendationer fr\u00e5n finansutskottet.\u00a0<\/p>\n\n\n\n<h3 class=\"wp-block-heading\">Italien&nbsp;<\/h3>\n\n\n\n<p>Den 8 maj 2021, tr\u00e4dde lagen 22 April 2021 n. 53 i kraft. Denna lag inneb\u00e4r att den italienska regeringen \u00e4r skyldig att anta, i enlighet med art. 1 i samma best\u00e4mmelse, lagdekret f\u00f6r inf\u00f6rlivande av europeiska direktiv och genomf\u00f6rande av andra EU-r\u00e4ttsakter.&nbsp;<\/p>\n\n\n\n<p>Detta inkluderar att implementera EU:s visselbl\u00e5sardirektiv. Men i slutet av november 2021 blev det officiellt att Italien kommer att blir f\u00f6rsenat med implementeringen.<\/p>\n\n\n\n<p>Transparency International Italy och Good Lobby h\u00f6ll en presskonferens f\u00f6r att kommentera bristen p\u00e5 transparens i utvecklingen av lagen, och efterlyste ocks\u00e5 en push f\u00f6r att forts\u00e4tta med mer inkludering och \u00f6ppenhet under de kommande stadierna.&nbsp;<\/p>\n\n\n\n<h3 class=\"wp-block-heading\">Kroatien&nbsp;<\/h3>\n\n\n\n<p>En ny lag om skydd f\u00f6r visselbl\u00e5sare har antagits, vilket g\u00f6r Kroatien till det nionde landet som implementerar en nationell visselbl\u00e5sarlag. &#8221;Lagen om skydd f\u00f6r anm\u00e4lare av oegentligheter&#8221; publicerades den 15 april och tr\u00e4dde i kraft den 23 april. \u00c4ven om Kroatien har haft en visselbl\u00e5sarlag sedan 2019, kr\u00e4vdes det betydande \u00e4ndringar f\u00f6r att f\u00f6lja minimikraven i EU:s visselbl\u00e5sardirektiv.\u00a0<\/p>\n\n\n\n<h3 class=\"wp-block-heading\">Lettland&nbsp;<\/h3>\n\n\n\n<p>Den 20 januari 2022 fick Lettland en ny visselbl\u00e5sarlag. Den lettiska &#8221;<a href=\"https:\/\/likumi.lv\/ta\/id\/329680-trauksmes-celsanas-likums\" target=\"_blank\" rel=\"noreferrer noopener\">Lagen f\u00f6r att sl\u00e5 larm<\/a>&#8221; har f\u00e5tt ber\u00f6m f\u00f6r att den inkluderar skydd specifikt f\u00f6r klimatvisselbl\u00e5sare. Lettland \u00e4r en framv\u00e4xande ledare i klimatfr\u00e5gor, vilket framg\u00e5r av landets ambiti\u00f6sa nationella energi- och klimatplan. Hittills \u00e4r Lettland det enda landet som uttryckligen inkluderar skydd f\u00f6r visselbl\u00e5sare som rapporterar om bevis g\u00e4llande klimatkrisen. Den nya lagen ut\u00f6kar ocks\u00e5 EU-direktivets r\u00e4ckvidd f\u00f6r att inte enbart skydda rapporter om brott mot unionsr\u00e4tten, utan \u00e4ven om nationella brott och oetiskt beteende.\u00a0<\/p>\n\n\n\n<h3 class=\"wp-block-heading\">Litauen&nbsp;<\/h3>\n\n\n\n<p>\u00a0&#8221;Seimas&#8221;, det litauiska parlamentet, antog en ny visselbl\u00e5sningslag strax f\u00f6re EU-deadline den 16 december 2021. Den nya lagen, som \u00e4ndrar \u201c<a href=\"https:\/\/e-seimas.lrs.lt\/portal\/legalAct\/lt\/TAP\/ad4bf270487211eca8a1caec3ec4b244\" target=\"_blank\" rel=\"noreferrer noopener\">Lagen om skydd f\u00f6r visselbl\u00e5sare<\/a> nr. XIII-804\u201d, tr\u00e4dde i kraft den 15 februari 2022. Litauen valde andra tidsfrister j\u00e4mf\u00f6rt med EU:s visselbl\u00e5sardirektiv. Den rapporterande personen ska f\u00e5 en bekr\u00e4ftelse p\u00e5 mottagandet av rapporten inom tv\u00e5 arbetsdagar och \u00e5terkoppling ang\u00e5ende \u00e4rendet ska l\u00e4mnas till visselbl\u00e5saren senast inom 10 arbetsdagar.\u00a0<\/p>\n\n\n\n<h3 class=\"wp-block-heading\">Luxemburg&nbsp;<\/h3>\n\n\n\n<p>&nbsp;Luxemburg missade EU:s deadline men har sedan dess lagt fram ett utkast till lag om skydd f\u00f6r visselbl\u00e5sare f\u00f6r parlamentet och media. Detta granskas nu av experter p\u00e5 visselbl\u00e5sarskydd f\u00f6r att avg\u00f6ra om det \u00e4r i linje med EU-direktivets krav och \u00e4ven b\u00e4sta praxis. Utkastet till lagf\u00f6rslag indikerar att man kommer att ut\u00f6ka n\u00e5gra av de minimistandarder som anges i EU-direktivet, inklusive skydd som g\u00e5r ut\u00f6ver rapporter om brott mot EU-lagstiftningen.&nbsp;<\/p>\n\n\n\n<h3 class=\"wp-block-heading\">Malta&nbsp;<\/h3>\n\n\n\n<p>Ett nytt lagf\u00f6rslag, kallat &#8221;<a href=\"https:\/\/legislation.mt\/eli\/cap\/527\/eng\/pdf\" target=\"_blank\" rel=\"noreferrer noopener\">Protection of the Whistleblower (Amendment) Act 2021<\/a>&#8221; (nr 249) har publicerats utan n\u00e5gon offentlig konsultation. I lagf\u00f6rslaget f\u00f6resl\u00e5s \u00e4ndringar och ut\u00f6kning av Maltas nuvarande lagstiftning om visselbl\u00e5sning (kapitel 527 fr\u00e5n 2013), f\u00f6r att s\u00e4kerst\u00e4lla att den \u00f6verensst\u00e4mmer med minimistandarderna i EU-direktivet.&nbsp;<\/p>\n\n\n\n<p>\u00c4ndringarna tycks f\u00f6lja direktivets minimikrav avseende ett f\u00f6rb\u00e4ttrat regelverk som skyddar visselbl\u00e5saren. Lagf\u00f6rslaget l\u00e4gger stor vikt vid konfidentialitet och dataskydd, som m\u00e5ste vara i linje med GDPR och Maltas kapitel 586.&nbsp;<\/p>\n\n\n\n<h3 class=\"wp-block-heading\">Nederl\u00e4nderna&nbsp;<\/h3>\n\n\n\n<p>Nederl\u00e4nderna har redan lagstiftning som r\u00f6r visselbl\u00e5sning, &#8221;House for Whistleblowers Act&#8221;. Denna \u00e4ndras och anpassas till minimikraven i EU-direktivet. Det nya holl\u00e4ndska lagf\u00f6rslaget, &#8221;Lagen om skydd f\u00f6r visselbl\u00e5sare&#8221;, publicerades den 1 oktober 2021 och \u00e4r fortfarande under behandling i parlamentet.&nbsp;<\/p>\n\n\n\n<p>NGO Transparency International Netherlands har sagt att regeringen m\u00e5ste &#8221;<em>prioritera kvalitet snarare \u00e4n <\/em><em>att skynda f\u00f6r att klara<\/em><em> tidsfristen<\/em>&#8221;.&nbsp;<\/p>\n\n\n\n<h3 class=\"wp-block-heading\">Polen&nbsp;<\/h3>\n\n\n\n<p>Den 12 april fanns ett uppdaterat lagf\u00f6rslag om skydd av visselbl\u00e5sare p\u00e5 regeringens lagstiftningscenters webbplats. Utkastet f\u00f6ljde efter interministeriella konsultationer och yttranden.&nbsp;<\/p>\n\n\n\n<p>De viktigaste \u00e4ndringarna som togs upp i det polska lagf\u00f6rslaget \u00e4r f\u00f6ljande:&nbsp;<\/p>\n\n\n\n<ol class=\"wp-block-list\"><li> Definitionen av \u201dvisselbl\u00e5sare\u201d har utvidgats till att omfatta tillf\u00e4lligt anst\u00e4llda eller praktikanter.\u00a0<\/li><li>Pseudonymiseringen av \u00e4renden togs bort. M\u00f6jligheten till anonym rapportering \u00e4r helt utel\u00e4mnad, i den nuvarande formuleringen i lagf\u00f6rslaget.\u00a0\u00a0<\/li><li>Data i den interna rapporteringskanalen b\u00f6r sparas under 12 m\u00e5nader fr\u00e5n det datum d\u00e5 utredningen av fallet avslutats, ist\u00e4llet f\u00f6r 5 \u00e5r som i f\u00f6reg\u00e5ende version.\u00a0<\/li><li>Straffet p\u00e5 f\u00e4ngelse i upp till 3 \u00e5r kvarst\u00e5r, f\u00f6r den som beg\u00e5tt tv\u00e5 eller flera vederg\u00e4llningsaktioner mot visselbl\u00e5saren. Brott mot skyldigheten att h\u00e5lla sekretessen g\u00e4llande visselbl\u00e5saren ska d\u00f6mas till b\u00f6ter, frihetsinskr\u00e4nkning eller f\u00e4ngelse i h\u00f6gst ett \u00e5r.\u00a0<\/li><li>Lagen tr\u00e4der i kraft tv\u00e5 m\u00e5nader efter godk\u00e4nnande.\u00a0<\/li><li>Privata f\u00f6retag som syssels\u00e4tter fler \u00e4n 250 personer m\u00e5ste implementera interna rapporteringskanaler inom en m\u00e5nad efter lagens godk\u00e4nnande.\u00a0<\/li><\/ol>\n\n\n\n<div style=\"height:21px\" aria-hidden=\"true\" class=\"wp-block-spacer\"><\/div>\n\n\n\n<h3 class=\"wp-block-heading\">Portugal&nbsp;<\/h3>\n\n\n\n<p><a href=\"https:\/\/dre.pt\/dre\/detalhe\/lei\/93-2021-176147929\" target=\"_blank\" rel=\"noreferrer noopener\">Lag nr 93\/2021<\/a> publicerades den 20 december 2021, och d\u00e4rmed implementerar man EU-direktivet om visselbl\u00e5sning i portugisisk lagstiftning.\u00a0<\/p>\n\n\n\n<p>Den nya lagen fastst\u00e4ller skyddet av visselbl\u00e5sare, inklusive krav p\u00e5 organisationer att etablera interna visselbl\u00e5sarkanaler och att inte utf\u00f6ra h\u00e4mndaktioner mot visselbl\u00e5sare. Underl\u00e5tenhet att f\u00f6lja den nya lagen leder till ansvar utkr\u00e4vs f\u00f6r administrativa f\u00f6rseelser.&nbsp;<\/p>\n\n\n\n<p>I vissa fall g\u00e5r lagen l\u00e4ngre \u00e4n de minimistandarder som anges i EU-lagstiftningen. Till exempel omfattar den inte bara rapporter om brott mot unionslagen, utan ocks\u00e5 v\u00e5ldsbrott och organiserad brottslighet, s\u00e5v\u00e4l som de brott som avses i artikel 1.1 i den portugisiska lagen nr. 5\/2002.&nbsp;<\/p>\n\n\n\n<p>Den nya lagen tr\u00e4dde i kraft den 18 juni 2022, 180 dagar efter offentligg\u00f6randet.&nbsp;<\/p>\n\n\n\n<h3 class=\"wp-block-heading\">Rum\u00e4nien&nbsp;<\/h3>\n\n\n\n<p>Rum\u00e4nien var en av de f\u00f6rsta europeiska staterna med en lagstiftning om visselbl\u00e5sning , lag 571\/2004 som ger skydd endast f\u00f6r avsl\u00f6jande som r\u00f6r den offentliga sektorn.&nbsp;<\/p>\n\n\n\n<p>Den rum\u00e4nska regeringen har antagit ett lagf\u00f6rslag om skydd f\u00f6r visselbl\u00e5sare och \u00f6verl\u00e4mnat det till parlamentet i februari 2022. Tidsfristen f\u00f6r den nya lagen sattes till den 31 mars 2022, men detta verkar vara f\u00f6rsenat. F\u00f6rslaget g\u00e5r l\u00e4ngre \u00e4n EU-direktivets minimikrav.&nbsp;<\/p>\n\n\n\n<p>I lagf\u00f6rslaget f\u00f6resl\u00e5s att Integritetsverket, som redan ansvarar f\u00f6r den offentliga sektorns rapporter, kommer att vara den myndighet som ansvarar f\u00f6r den privata sektorn och d\u00e4rmed ut\u00f6kar sina befogenheter. I utkastet f\u00f6resl\u00e5s ocks\u00e5 att rapporter ska sparas i 5 \u00e5r.&nbsp;<\/p>\n\n\n\n<h3 class=\"wp-block-heading\">Slovakien&nbsp;<\/h3>\n\n\n\n<p>Den slovakiska regeringen har gett ett lagf\u00f6rslag \u2013 <a href=\"https:\/\/www.slov-lex.sk\/legislativne-procesy\/SK\/PI\/2021\/182\" target=\"_blank\" rel=\"noreferrer noopener\">\u00c4ndringsf\u00f6rslag av lag nr 54\/2019<\/a> som f\u00f6r tillf\u00e4llet granskas av regeringen. Lagen f\u00f6rv\u00e4ntades tr\u00e4da i kraft den 1 maj 2022 men processen har f\u00f6rsenats.&nbsp;<\/p>\n\n\n\n<h3 class=\"wp-block-heading\">Slovenien&nbsp;<\/h3>\n\n\n\n<p>I december 2021 publicerades ett lagf\u00f6rslag om skydd f\u00f6r visselbl\u00e5sare f\u00f6r konsultation med intressenter. Den 22 januari 2022 svarade Transparency International (TI) Slovenien p\u00e5 f\u00f6rslaget och kommenterade att det nuvarande lagf\u00f6rslaget beh\u00f6ver f\u00f6rb\u00e4ttras f\u00f6r att ge ett adekvat skydd f\u00f6r visselbl\u00e5sare.&nbsp;<\/p>\n\n\n\n<h3 class=\"wp-block-heading\">Spanien&nbsp;<\/h3>\n\n\n\n<p>Spanien var f\u00f6rsenat med att implementera visselbl\u00e5sardirektivet, men nu har ett prelimin\u00e4rt lagf\u00f6rslag godk\u00e4nts av regeringen (4 mars 2022). Lagf\u00f6rslaget f\u00f6ruts\u00e4tter inr\u00e4ttandet av en oberoende myndighet f\u00f6r att skydda visselbl\u00e5sare, och myndigheten f\u00e5r ocks\u00e5 befogenheter att utf\u00e4rda sanktioner.\u00a0<\/p>\n\n\n\n<p>Den spanska lagen syftar till att utf\u00e4rda sanktioner f\u00f6r fall d\u00e4r rapporter tystas ner, rapporteringskanaler \u00e4r inte implementerade eller visselbl\u00e5sarens anonymitet inte skyddas. B\u00f6terna f\u00f6r arbetsgivare str\u00e4cker sig fr\u00e5n 100 000 euro upp till 1 000 000 euro f\u00f6r mycket allvarliga \u00f6vertr\u00e4delser.&nbsp;<\/p>\n\n\n\n<p>Hittills \u00e4r b\u00f6terna enligt det spanska lagf\u00f6rslaget de h\u00f6gsta i Europa.&nbsp;<\/p>\n\n\n\n<p>Implementeringen av visselbl\u00e5sarkanaler har f\u00e5tt ett betydande uppsving efter 2015 \u00e5rs reform av brottsbalken. Detta inf\u00f6rde en klausul (art. 31) om undantag fr\u00e5n straffr\u00e4ttsligt ansvar f\u00f6r de juridiska personer som hade antagit en effektiv modell f\u00f6r f\u00f6rebyggande av brottsrisker innan de uppt\u00e4ckta oegentligheterna.&nbsp;<\/p>\n\n\n\n<h3 class=\"wp-block-heading\">Sverige&nbsp;<\/h3>\n\n\n\n<p>Den andra medlemsstaten att implementera visselbl\u00e5sardirektivet i nationell lagstiftning. Riksdagen godk\u00e4nde den 29 september 2021 regeringens f\u00f6rslag till ny lag som skyddar personer som anm\u00e4ler misst\u00e4nkta oegentligheter.\u00a0<\/p>\n\n\n\n<p>Den nya \u2018<a href=\"https:\/\/www.riksdagen.se\/sv\/dokument-lagar\/dokument\/svensk-forfattningssamling\/lag-2021890-om-skydd-for-personer-som_sfs-2021-890\" target=\"_blank\" rel=\"noreferrer noopener\">Lag (2021:890) om skydd f\u00f6r personer som rapporterar om missf\u00f6rh\u00e5llanden<\/a>, (visselbl\u00e5sarlagen)\u2019, g\u00e5r l\u00e4ngre \u00e4n minimikraven i EU-direktivet. Skyddet f\u00f6r visselbl\u00e5sare kan uppst\u00e5 n\u00e4r det finns ett brott mot &#8221;allm\u00e4nna intressen&#8221;, inte bara unionslagar, och omfattar \u00e4ven kommuner med f\u00e4rre \u00e4n 10 000 inv\u00e5nare.&nbsp;<\/p>\n\n\n\n<p>Organisationer med fler \u00e4n 249 anst\u00e4llda m\u00e5ste etablera interna visselbl\u00e5sarkanaler senast den 17 juli 2022.&nbsp;<\/p>\n\n\n\n<p>L\u00e4s mer om den svenska lagen &gt; <a href=\"https:\/\/www.whistlelink.com\/sv\/blog\/sverige-inforlivar-eus-visselblasardirektiv-i-nationell-lagstiftning\/\" target=\"_blank\" rel=\"noreferrer noopener\">Sverige inf\u00f6rlivar EU:s visselbl\u00e5sardirektiv i nationell lagstiftning<\/a>&nbsp;<\/p>\n\n\n\n<h3 class=\"wp-block-heading\">Tjeckien&nbsp;<\/h3>\n\n\n\n<p>Ett nytt utkast publicerades i maj 2022 och beskriver ett krav p\u00e5 att begr\u00e4nsa omfattningen av rapporteringen till endast \u00f6vertr\u00e4delser av EU-lagstiftning och brott, vilket inneb\u00e4r att administrativa brott tas bort fr\u00e5n till\u00e4mpningsomr\u00e5det. Skyldigheten att acceptera anonym rapportering utel\u00e4mnas och omfattningen av personer som f\u00e5r anv\u00e4nda organisationens interna rapporteringskanaler \u00e4r begr\u00e4nsad till egna anst\u00e4llda.&nbsp;<\/p>\n\n\n\n<h3 class=\"wp-block-heading\">Tysklan<strong>d<\/strong>&nbsp;<\/h3>\n\n\n\n<p>Arbetet med ett lagf\u00f6rslag p\u00e5g\u00e5r efter att CDU\/CSU-partiet avvisade utkastet till tysk visselbl\u00e5sarlag, som ursprungligen presenterades i december 2020. Detta berodde p\u00e5 att f\u00f6rslag i utkastet gick ut\u00f6ver EU:s minimikrav.&nbsp;<\/p>\n\n\n\n<p>Den kommande tyska regeringen har uttalat \u00e5tagande om ett ansvarsfullt inf\u00f6rlivande av EU-direktivet om whistleblowing, och s\u00e4ger att syftet &#8221;<em>var att f\u00f6rb\u00e4ttra verkst\u00e4llbarheten av visselbl\u00e5sarens r\u00e4ttigheter&#8221;. <\/em>Det \u00e4r m\u00f6jligt att sanktioner kommer att inf\u00f6ras om organisationer inte f\u00f6ljer dem.&nbsp;<\/p>\n\n\n\n<p>Det nya lagf\u00f6rslaget inneh\u00e5ller en skyldighet att implementera en visselbl\u00e5sarl\u00f6sning senast den 1 juli 2023.&nbsp;<\/p>\n\n\n\n<h3 class=\"wp-block-heading\">Ungern&nbsp;<\/h3>\n\n\n\n<p>Ungern \u00e4r fortfarande det enda medlemslandet som inte p\u00e5b\u00f6rjat implementering av visselbl\u00e5sardirektivet. Samh\u00e4llsorganisationer har uttryckt sin oro \u00f6ver att Ungern \u00e4r det enda landet i EU som inte har vidtagit n\u00e5gra som helst \u00e5tg\u00e4rder f\u00f6r att inf\u00f6rliva EU-direktivet om visselbl\u00e5sning i nationell lagstiftning.&nbsp;<\/p>\n\n\n\n<h3 class=\"wp-block-heading\">\u00d6sterrike&nbsp;<\/h3>\n\n\n\n<p>Inledande diskussioner med ministerier och federala delstater resulterade i ett f\u00f6rsta internt utkast till en lag, som \u00e4nnu inte har publicerats offentligt. Efter en avsev\u00e4rd f\u00f6rsening skickades lagf\u00f6rslaget f\u00f6r granskning i sex veckor, vilket den federala regeringen meddelade i b\u00f6rjan av juni 2022.&nbsp;<\/p>\n\n\n\n<p>En gemensam l\u00e4gesrapport publicerad av Transparency International och Whistleblowing International Network i februari 2021 visade att \u00d6sterrike har gjort minimala framsteg med att implementera visselbl\u00e5sardirektivet och att processen varken har varit transparent eller inkluderande.\u00a0<\/p>\n\n\n\n<h3 class=\"wp-block-heading\" id=\"h-fler-uppdateringar-om-att-implementera-visselblasardirektivet\">Fler uppdateringar om att implementera visselbl\u00e5sardirektivet<\/h3>\n\n\n\n<p>F\u00f6r att f\u00e5 fler uppdateringar, kan du ocks\u00e5 bes\u00f6ka <a href=\"https:\/\/www.whistleblowingmonitor.eu\/\" target=\"_blank\" rel=\"noreferrer noopener\">EU Whistleblowing Monitor.\u00a0<\/a><\/p>\n\n\n\n<p>F\u00f6r mer information om implementeringen av visselbl\u00e5sarlagen eller hur EU:s visselbl\u00e5sardirektiv p\u00e5verkar dig, v\u00e4nligen <a href=\"https:\/\/www.whistlelink.com\/sv\/kontakt\/\">kontakta oss<\/a> s\u00e5 kontaktar n\u00e5gon av v\u00e5ra lokala representanter dig inom kort.&nbsp;<\/p>\n\n\n\n<h3 class=\"wp-block-heading\" id=\"h-\"><\/h3>\n\n\n\n<p>Vill du veta mer om en s\u00e4ker visselbl\u00e5sarfunktion och s\u00e4kra interna rapportkanaler?<br>L\u00e4s om EU:s visselbl\u00e5sardirektiv <a href=\"https:\/\/www.whistlelink.com\/sv\/eus-visselblasardirektiv\/\">h\u00e4r<\/a>. Du kan l\u00e4sa om den nya svenska visselbl\u00e5sarlagen <a href=\"https:\/\/www.riksdagen.se\/sv\/dokument-lagar\/dokument\/svensk-forfattningssamling\/lag-2021890-om-skydd-for-personer-som_sfs-2021-890\">h\u00e4r<\/a>.<\/p>\n\n\n\n<p>Letar du efter ett enkelt och s\u00e4kert visselbl\u00e5sarsystem? <a href=\"https:\/\/www.whistlelink.com\/sv\/produkt\/\">L\u00e4s mera h\u00e4r<\/a>.<\/p>\n\n\n\n<p>Vill du diskutera visselbl\u00e5sarl\u00f6sning f\u00f6r just din organisation?<br><a href=\"https:\/\/www.whistlelink.com\/sv\/kontakta-oss\/\">Kontakta oss<\/a> eller <a href=\"https:\/\/www.whistlelink.com\/sv\/boka-en-demo\/\">boka en gratis demo<\/a> av systemet!<\/p>\n","protected":false},"excerpt":{"rendered":"<p>EU-direktivets deadline \u00e4r h\u00e4r! Alla medlemsl\u00e4nder ska implementera visselbl\u00e5sardirektivet i sin nationella lagstiftning. Se status f\u00f6r medlemsl\u00e4ndernas nationella visselbl\u00e5sarlagar h\u00e4r.\u00a0\u00a0 EU:s visselbl\u00e5sardirektiv (2019\/1937) tr\u00e4dde i kraft fredagen den 17 december 2021.&nbsp; Vad betyder det?&nbsp; Det var allts\u00e5 dagen d\u00e5 alla EU-medlemsstater b\u00f6r implementera visselbl\u00e5sardirektivet i nationell lagstiftning.\u00a0 Och har de gjort det?&nbsp; Inte exakt.&nbsp; L\u00e5t [&hellip;]<\/p>\n","protected":false},"featured_media":17891,"template":"","format":"standard","blog-category":[235],"class_list":["post-17851","blog","type-blog","status-publish","format-standard","has-post-thumbnail","hentry","blog-category-nyheter"],"yoast_head":"<!-- This site is optimized with the Yoast SEO Premium plugin v27.3 (Yoast SEO v27.4) - https:\/\/yoast.com\/product\/yoast-seo-premium-wordpress\/ -->\n<title>Implementera visselbl\u00e5sardirektivet - Status f\u00f6r nationella visselbl\u00e5sarlagar<\/title>\n<meta name=\"description\" content=\"Deadline f\u00f6r att implementera visselbl\u00e5sardirektivet \u00e4r h\u00e4r! Se status vad g\u00e4ller medlemsl\u00e4ndernas nationella\u202fvisselbl\u00e5sarlagar.\" \/>\n<meta name=\"robots\" content=\"index, follow, max-snippet:-1, max-image-preview:large, max-video-preview:-1\" \/>\n<link rel=\"canonical\" href=\"https:\/\/www.whistlelink.com\/sv\/blog\/eus-visselblasardirektiv-status-i-de-olika-landerna\/\" \/>\n<meta property=\"og:locale\" content=\"sv_SE\" \/>\n<meta property=\"og:type\" content=\"article\" \/>\n<meta property=\"og:title\" content=\"EU:s visselbl\u00e5sardirektiv \u2013 Status f\u00f6r nationella lagar i medlemsl\u00e4nderna\u00a0\" \/>\n<meta property=\"og:description\" content=\"Deadline f\u00f6r att implementera visselbl\u00e5sardirektivet \u00e4r h\u00e4r! Se status vad g\u00e4ller medlemsl\u00e4ndernas nationella\u202fvisselbl\u00e5sarlagar.\" \/>\n<meta property=\"og:url\" content=\"https:\/\/www.whistlelink.com\/sv\/blog\/eus-visselblasardirektiv-status-i-de-olika-landerna\/\" \/>\n<meta property=\"og:site_name\" content=\"Whistlelink\" \/>\n<meta property=\"article:publisher\" content=\"https:\/\/www.facebook.com\/whistlelink\/\" \/>\n<meta property=\"article:modified_time\" content=\"2022-06-29T13:48:23+00:00\" \/>\n<meta property=\"og:image\" content=\"https:\/\/www.whistlelink.com\/wp-content\/uploads\/2021\/12\/EU_Whistleblowing_Directive_Update.jpg\" \/>\n\t<meta property=\"og:image:width\" content=\"1200\" \/>\n\t<meta property=\"og:image:height\" content=\"628\" \/>\n\t<meta property=\"og:image:type\" content=\"image\/jpeg\" \/>\n<meta name=\"twitter:card\" content=\"summary_large_image\" \/>\n<meta name=\"twitter:label1\" content=\"Ber\u00e4knad l\u00e4stid\" \/>\n\t<meta name=\"twitter:data1\" content=\"11 minuter\" \/>\n<script type=\"application\/ld+json\" class=\"yoast-schema-graph\">{\"@context\":\"https:\\\/\\\/schema.org\",\"@graph\":[{\"@type\":\"WebPage\",\"@id\":\"https:\\\/\\\/www.whistlelink.com\\\/sv\\\/blog\\\/eus-visselblasardirektiv-status-i-de-olika-landerna\\\/\",\"url\":\"https:\\\/\\\/www.whistlelink.com\\\/sv\\\/blog\\\/eus-visselblasardirektiv-status-i-de-olika-landerna\\\/\",\"name\":\"Implementera visselbl\u00e5sardirektivet - Status f\u00f6r nationella visselbl\u00e5sarlagar\",\"isPartOf\":{\"@id\":\"https:\\\/\\\/www.whistlelink.com\\\/sv\\\/#website\"},\"primaryImageOfPage\":{\"@id\":\"https:\\\/\\\/www.whistlelink.com\\\/sv\\\/blog\\\/eus-visselblasardirektiv-status-i-de-olika-landerna\\\/#primaryimage\"},\"image\":{\"@id\":\"https:\\\/\\\/www.whistlelink.com\\\/sv\\\/blog\\\/eus-visselblasardirektiv-status-i-de-olika-landerna\\\/#primaryimage\"},\"thumbnailUrl\":\"https:\\\/\\\/www.whistlelink.com\\\/wp-content\\\/uploads\\\/2021\\\/12\\\/EU_Whistleblowing_Directive_Update.jpg\",\"datePublished\":\"2022-06-15T14:52:00+00:00\",\"dateModified\":\"2022-06-29T13:48:23+00:00\",\"description\":\"Deadline f\u00f6r att implementera visselbl\u00e5sardirektivet \u00e4r h\u00e4r! Se status vad g\u00e4ller medlemsl\u00e4ndernas nationella\u202fvisselbl\u00e5sarlagar.\",\"breadcrumb\":{\"@id\":\"https:\\\/\\\/www.whistlelink.com\\\/sv\\\/blog\\\/eus-visselblasardirektiv-status-i-de-olika-landerna\\\/#breadcrumb\"},\"inLanguage\":\"sv-SE\",\"potentialAction\":[{\"@type\":\"ReadAction\",\"target\":[\"https:\\\/\\\/www.whistlelink.com\\\/sv\\\/blog\\\/eus-visselblasardirektiv-status-i-de-olika-landerna\\\/\"]}]},{\"@type\":\"ImageObject\",\"inLanguage\":\"sv-SE\",\"@id\":\"https:\\\/\\\/www.whistlelink.com\\\/sv\\\/blog\\\/eus-visselblasardirektiv-status-i-de-olika-landerna\\\/#primaryimage\",\"url\":\"https:\\\/\\\/www.whistlelink.com\\\/wp-content\\\/uploads\\\/2021\\\/12\\\/EU_Whistleblowing_Directive_Update.jpg\",\"contentUrl\":\"https:\\\/\\\/www.whistlelink.com\\\/wp-content\\\/uploads\\\/2021\\\/12\\\/EU_Whistleblowing_Directive_Update.jpg\",\"width\":1200,\"height\":628,\"caption\":\"Implementera visselbl\u00e5sardirektivet.\"},{\"@type\":\"BreadcrumbList\",\"@id\":\"https:\\\/\\\/www.whistlelink.com\\\/sv\\\/blog\\\/eus-visselblasardirektiv-status-i-de-olika-landerna\\\/#breadcrumb\",\"itemListElement\":[{\"@type\":\"ListItem\",\"position\":1,\"name\":\"Home\",\"item\":\"https:\\\/\\\/www.whistlelink.com\\\/sv\\\/\"},{\"@type\":\"ListItem\",\"position\":2,\"name\":\"Blog\",\"item\":\"https:\\\/\\\/www.whistlelink.com\\\/sv\\\/blog\\\/\"},{\"@type\":\"ListItem\",\"position\":3,\"name\":\"EU:s visselbl\u00e5sardirektiv \u2013 Status f\u00f6r nationella lagar i medlemsl\u00e4nderna\u00a0\"}]},{\"@type\":\"WebSite\",\"@id\":\"https:\\\/\\\/www.whistlelink.com\\\/sv\\\/#website\",\"url\":\"https:\\\/\\\/www.whistlelink.com\\\/sv\\\/\",\"name\":\"Whistlelink\",\"description\":\"A trusted provider of secure whistleblowing solutions.\",\"publisher\":{\"@id\":\"https:\\\/\\\/www.whistlelink.com\\\/sv\\\/#organization\"},\"potentialAction\":[{\"@type\":\"SearchAction\",\"target\":{\"@type\":\"EntryPoint\",\"urlTemplate\":\"https:\\\/\\\/www.whistlelink.com\\\/sv\\\/?s={search_term_string}\"},\"query-input\":{\"@type\":\"PropertyValueSpecification\",\"valueRequired\":true,\"valueName\":\"search_term_string\"}}],\"inLanguage\":\"sv-SE\"},{\"@type\":\"Organization\",\"@id\":\"https:\\\/\\\/www.whistlelink.com\\\/sv\\\/#organization\",\"name\":\"Whistlelink\",\"url\":\"https:\\\/\\\/www.whistlelink.com\\\/sv\\\/\",\"logo\":{\"@type\":\"ImageObject\",\"inLanguage\":\"sv-SE\",\"@id\":\"https:\\\/\\\/www.whistlelink.com\\\/sv\\\/#\\\/schema\\\/logo\\\/image\\\/\",\"url\":\"https:\\\/\\\/www.whistlelink.com\\\/wp-content\\\/uploads\\\/2021\\\/07\\\/WhistlelinkLogoEmail.png\",\"contentUrl\":\"https:\\\/\\\/www.whistlelink.com\\\/wp-content\\\/uploads\\\/2021\\\/07\\\/WhistlelinkLogoEmail.png\",\"width\":704,\"height\":75,\"caption\":\"Whistlelink\"},\"image\":{\"@id\":\"https:\\\/\\\/www.whistlelink.com\\\/sv\\\/#\\\/schema\\\/logo\\\/image\\\/\"},\"sameAs\":[\"https:\\\/\\\/www.facebook.com\\\/whistlelink\\\/\",\"https:\\\/\\\/www.linkedin.com\\\/company\\\/whistlelink\\\/\",\"https:\\\/\\\/vimeo.com\\\/user152082481\"]}]}<\/script>\n<!-- \/ Yoast SEO Premium plugin. -->","yoast_head_json":{"title":"Implementera visselbl\u00e5sardirektivet - Status f\u00f6r nationella visselbl\u00e5sarlagar","description":"Deadline f\u00f6r att implementera visselbl\u00e5sardirektivet \u00e4r h\u00e4r! Se status vad g\u00e4ller medlemsl\u00e4ndernas nationella\u202fvisselbl\u00e5sarlagar.","robots":{"index":"index","follow":"follow","max-snippet":"max-snippet:-1","max-image-preview":"max-image-preview:large","max-video-preview":"max-video-preview:-1"},"canonical":"https:\/\/www.whistlelink.com\/sv\/blog\/eus-visselblasardirektiv-status-i-de-olika-landerna\/","og_locale":"sv_SE","og_type":"article","og_title":"EU:s visselbl\u00e5sardirektiv \u2013 Status f\u00f6r nationella lagar i medlemsl\u00e4nderna\u00a0","og_description":"Deadline f\u00f6r att implementera visselbl\u00e5sardirektivet \u00e4r h\u00e4r! Se status vad g\u00e4ller medlemsl\u00e4ndernas nationella\u202fvisselbl\u00e5sarlagar.","og_url":"https:\/\/www.whistlelink.com\/sv\/blog\/eus-visselblasardirektiv-status-i-de-olika-landerna\/","og_site_name":"Whistlelink","article_publisher":"https:\/\/www.facebook.com\/whistlelink\/","article_modified_time":"2022-06-29T13:48:23+00:00","og_image":[{"width":1200,"height":628,"url":"https:\/\/www.whistlelink.com\/wp-content\/uploads\/2021\/12\/EU_Whistleblowing_Directive_Update.jpg","type":"image\/jpeg"}],"twitter_card":"summary_large_image","twitter_misc":{"Ber\u00e4knad l\u00e4stid":"11 minuter"},"schema":{"@context":"https:\/\/schema.org","@graph":[{"@type":"WebPage","@id":"https:\/\/www.whistlelink.com\/sv\/blog\/eus-visselblasardirektiv-status-i-de-olika-landerna\/","url":"https:\/\/www.whistlelink.com\/sv\/blog\/eus-visselblasardirektiv-status-i-de-olika-landerna\/","name":"Implementera visselbl\u00e5sardirektivet - Status f\u00f6r nationella visselbl\u00e5sarlagar","isPartOf":{"@id":"https:\/\/www.whistlelink.com\/sv\/#website"},"primaryImageOfPage":{"@id":"https:\/\/www.whistlelink.com\/sv\/blog\/eus-visselblasardirektiv-status-i-de-olika-landerna\/#primaryimage"},"image":{"@id":"https:\/\/www.whistlelink.com\/sv\/blog\/eus-visselblasardirektiv-status-i-de-olika-landerna\/#primaryimage"},"thumbnailUrl":"https:\/\/www.whistlelink.com\/wp-content\/uploads\/2021\/12\/EU_Whistleblowing_Directive_Update.jpg","datePublished":"2022-06-15T14:52:00+00:00","dateModified":"2022-06-29T13:48:23+00:00","description":"Deadline f\u00f6r att implementera visselbl\u00e5sardirektivet \u00e4r h\u00e4r! Se status vad g\u00e4ller medlemsl\u00e4ndernas nationella\u202fvisselbl\u00e5sarlagar.","breadcrumb":{"@id":"https:\/\/www.whistlelink.com\/sv\/blog\/eus-visselblasardirektiv-status-i-de-olika-landerna\/#breadcrumb"},"inLanguage":"sv-SE","potentialAction":[{"@type":"ReadAction","target":["https:\/\/www.whistlelink.com\/sv\/blog\/eus-visselblasardirektiv-status-i-de-olika-landerna\/"]}]},{"@type":"ImageObject","inLanguage":"sv-SE","@id":"https:\/\/www.whistlelink.com\/sv\/blog\/eus-visselblasardirektiv-status-i-de-olika-landerna\/#primaryimage","url":"https:\/\/www.whistlelink.com\/wp-content\/uploads\/2021\/12\/EU_Whistleblowing_Directive_Update.jpg","contentUrl":"https:\/\/www.whistlelink.com\/wp-content\/uploads\/2021\/12\/EU_Whistleblowing_Directive_Update.jpg","width":1200,"height":628,"caption":"Implementera visselbl\u00e5sardirektivet."},{"@type":"BreadcrumbList","@id":"https:\/\/www.whistlelink.com\/sv\/blog\/eus-visselblasardirektiv-status-i-de-olika-landerna\/#breadcrumb","itemListElement":[{"@type":"ListItem","position":1,"name":"Home","item":"https:\/\/www.whistlelink.com\/sv\/"},{"@type":"ListItem","position":2,"name":"Blog","item":"https:\/\/www.whistlelink.com\/sv\/blog\/"},{"@type":"ListItem","position":3,"name":"EU:s visselbl\u00e5sardirektiv \u2013 Status f\u00f6r nationella lagar i medlemsl\u00e4nderna\u00a0"}]},{"@type":"WebSite","@id":"https:\/\/www.whistlelink.com\/sv\/#website","url":"https:\/\/www.whistlelink.com\/sv\/","name":"Whistlelink","description":"A trusted provider of secure whistleblowing solutions.","publisher":{"@id":"https:\/\/www.whistlelink.com\/sv\/#organization"},"potentialAction":[{"@type":"SearchAction","target":{"@type":"EntryPoint","urlTemplate":"https:\/\/www.whistlelink.com\/sv\/?s={search_term_string}"},"query-input":{"@type":"PropertyValueSpecification","valueRequired":true,"valueName":"search_term_string"}}],"inLanguage":"sv-SE"},{"@type":"Organization","@id":"https:\/\/www.whistlelink.com\/sv\/#organization","name":"Whistlelink","url":"https:\/\/www.whistlelink.com\/sv\/","logo":{"@type":"ImageObject","inLanguage":"sv-SE","@id":"https:\/\/www.whistlelink.com\/sv\/#\/schema\/logo\/image\/","url":"https:\/\/www.whistlelink.com\/wp-content\/uploads\/2021\/07\/WhistlelinkLogoEmail.png","contentUrl":"https:\/\/www.whistlelink.com\/wp-content\/uploads\/2021\/07\/WhistlelinkLogoEmail.png","width":704,"height":75,"caption":"Whistlelink"},"image":{"@id":"https:\/\/www.whistlelink.com\/sv\/#\/schema\/logo\/image\/"},"sameAs":["https:\/\/www.facebook.com\/whistlelink\/","https:\/\/www.linkedin.com\/company\/whistlelink\/","https:\/\/vimeo.com\/user152082481"]}]}},"_links":{"self":[{"href":"https:\/\/www.whistlelink.com\/sv\/wp-json\/wp\/v2\/blog\/17851","targetHints":{"allow":["GET"]}}],"collection":[{"href":"https:\/\/www.whistlelink.com\/sv\/wp-json\/wp\/v2\/blog"}],"about":[{"href":"https:\/\/www.whistlelink.com\/sv\/wp-json\/wp\/v2\/types\/blog"}],"version-history":[{"count":0,"href":"https:\/\/www.whistlelink.com\/sv\/wp-json\/wp\/v2\/blog\/17851\/revisions"}],"wp:featuredmedia":[{"embeddable":true,"href":"https:\/\/www.whistlelink.com\/sv\/wp-json\/wp\/v2\/media\/17891"}],"wp:attachment":[{"href":"https:\/\/www.whistlelink.com\/sv\/wp-json\/wp\/v2\/media?parent=17851"}],"wp:term":[{"taxonomy":"blog-category","embeddable":true,"href":"https:\/\/www.whistlelink.com\/sv\/wp-json\/wp\/v2\/blog-category?post=17851"}],"curies":[{"name":"wp","href":"https:\/\/api.w.org\/{rel}","templated":true}]}}