{"id":19269,"date":"2021-10-13T12:32:53","date_gmt":"2021-10-13T11:32:53","guid":{"rendered":"https:\/\/www.whistlelink.com\/?post_type=blog&#038;p=19269"},"modified":"2022-05-30T07:45:03","modified_gmt":"2022-05-30T07:45:03","slug":"sverige-inforlivar-eus-visselblasardirektiv-i-nationell-lagstiftning","status":"publish","type":"blog","link":"https:\/\/www.whistlelink.com\/sv\/blog\/sverige-inforlivar-eus-visselblasardirektiv-i-nationell-lagstiftning\/","title":{"rendered":"Sverige inf\u00f6rlivar EU:s visselbl\u00e5sardirektiv i nationell lagstiftning"},"content":{"rendered":"\n<p id=\"h-29-september-2021-rostade-sveriges-riksdag-ja-till-regeringens-forslag-om-en-ny-lag-som-skyddar-de-personer-som-rapporterar-om-missforhallanden-pa-arbetsplatsen-det-betyder-att-eu-s-visselblasardirektiv-om-skydd-for-personer-som-rapporterar-om-brott-mot-unionsratten-nu-ar-genomfort-i-svensk-lagstiftning\">29 september 2021 r\u00f6stade Sveriges riksdag ja till regeringens f\u00f6rslag om en ny lag som skyddar de personer som rapporterar om missf\u00f6rh\u00e5llanden p\u00e5 arbetsplatsen. Det betyder att Sverige nu genomf\u00f6r EU:s visselbl\u00e5sardirektiv, om skydd f\u00f6r personer som rapporterar om brott mot unionsr\u00e4tten, i svensk lagstiftning.<\/p>\n\n\n\n<h3 class=\"wp-block-heading\" id=\"h-skyddet-for-visselblasare-maste-starkas\">Skyddet f\u00f6r visselbl\u00e5sare m\u00e5ste st\u00e4rkas<\/h3>\n\n\n\n<p>Huvudsyftet med den nya lagen \u00e4r att g\u00f6ra det enklare, tryggare och s\u00e4krare f\u00f6r personer att v\u00e5ga rapportera.<\/p>\n\n\n\n<p>Baserat p\u00e5 kraven i <a href=\"https:\/\/www.whistlelink.com\/sv\/eus-visselblasardirektiv\/\" target=\"_blank\" rel=\"noreferrer noopener\">EU:s visselbl\u00e5sardirektiv<\/a>, har den svenska lagen m\u00e5ls\u00e4ttningen att b\u00e4ttre skydda den som rapporterar om oegentligheter p\u00e5 arbetsplatsen. Man kr\u00e4ver att organisationer med minst 50 anst\u00e4llda ska skapa interna rapportkanaler.<\/p>\n\n\n\n<p>M\u00e5let \u00e4r att g\u00f6ra det tydligare hur man g\u00e5r till v\u00e4ga vid visselbl\u00e5sning och hur rapporterna ska hanteras. Dessutom ska visselbl\u00e5saren kunna f\u00f6rbli anonym.<\/p>\n\n\n\n<h3 class=\"wp-block-heading\" id=\"h-sverige-gar-langre-an-minimikraven-i-eu-s-visselblasardirektiv\">Sverige g\u00e5r l\u00e4ngre \u00e4n minimikraven i EU:s visselbl\u00e5sardirektiv<\/h3>\n\n\n\n<p>Inom tv\u00e5 omr\u00e5den g\u00e5r den nya svenska lagen l\u00e4ngre \u00e4n minimikraven i EU-direktivet.<\/p>\n\n\n\n<ol class=\"wp-block-list\"><li>Skyddet av visselbl\u00e5sare inkluderar fall d\u00e4r det finns ett \u201dallm\u00e4nintresse\u201d av att informationen kommer fram. EU-direktivet fokuserar \u00e5 sin sida endast p\u00e5 brott mot unionsr\u00e4tten.<\/li><li>Kommuner med f\u00e4rre \u00e4n 10&nbsp;000 inv\u00e5nare kommer ocks\u00e5 att beh\u00f6va implementera interna rapportkanaler. I EU-direktivet n\u00e4mner man \u00f6ver 10&nbsp;000.<\/li><\/ol>\n\n\n\n<div style=\"height:30px\" aria-hidden=\"true\" class=\"wp-block-spacer\"><\/div>\n\n\n\n<h3 class=\"wp-block-heading\" id=\"h-andringar-jamfort-med-nuvarande-lagstiftning\">\u00c4ndringar j\u00e4mf\u00f6rt med nuvarande lagstiftning<\/h3>\n\n\n\n<p>Den nya lagen ers\u00e4tter den tidigare lagen (2016:749) om speciellt skydd mot repressalier f\u00f6r anst\u00e4llda som sl\u00e5r larm om allvarliga missf\u00f6rh\u00e5llanden. Men den begr\u00e4nsar inte skyddet av andra lagar och f\u00f6rordningar (till exempel yttrandefrihetsgrundlagen). Man g\u00f6r ocks\u00e5 vissa \u00e4ndringar i offentlighets- och sekretesslagen. Detta  f\u00f6r att sekretessen ska g\u00e4lla b\u00e5de i domstol och vid uppf\u00f6ljningen av visselbl\u00e5sarrapporterna.<\/p>\n\n\n\n<h3 class=\"wp-block-heading\" id=\"h-deadlines-for-implementering\">Deadlines f\u00f6r implementering<\/h3>\n\n\n\n<p>I enlighet med EU:s visselbl\u00e5sardirektiv b\u00f6rjade den nya lagen i Sverige g\u00e4lla 17 december 2021. Men svenska organisationer med fler \u00e4n 250 anst\u00e4llda har tid till 17 juli 2022 f\u00f6r att implementera interna rapportkanaler. Deadline f\u00f6r organisationer med mellan 50 &#8211; 249 anst\u00e4llda \u00e4r 17 december 2023.<\/p>\n\n\n\n<h3 class=\"wp-block-heading\" id=\"h-har-du-fragor\">Har du fr\u00e5gor?<\/h3>\n\n\n\n<p>Vill du veta mera om EU:s visselbl\u00e5sardirektiv, Sveriges nya lag och hur den kommer att p\u00e5verka ditt f\u00f6retag? D\u00e5 kan du boka ett samtal med&nbsp;<a href=\"https:\/\/www.linkedin.com\/in\/annelie-demred-5ba0191\/\" target=\"_blank\" rel=\"noreferrer noopener\">Annelie Demred<\/a>, VP Strategy &amp; Growth&nbsp;<a href=\"https:\/\/www.whistlelink.com\/sv\/kontakta-oss\/\" target=\"_blank\" rel=\"noreferrer noopener\">h\u00e4r<\/a>.<\/p>\n\n\n\n<p><em>Foto: Melker Dahlstrand\/Sveriges riksdag<\/em><\/p>\n","protected":false},"excerpt":{"rendered":"<p>29 september 2021 r\u00f6stade Sveriges riksdag ja till regeringens f\u00f6rslag om en ny lag som skyddar de personer som rapporterar om missf\u00f6rh\u00e5llanden p\u00e5 arbetsplatsen. Det betyder att Sverige nu genomf\u00f6r EU:s visselbl\u00e5sardirektiv, om skydd f\u00f6r personer som rapporterar om brott mot unionsr\u00e4tten, i svensk lagstiftning. Skyddet f\u00f6r visselbl\u00e5sare m\u00e5ste st\u00e4rkas Huvudsyftet med den nya lagen [&hellip;]<\/p>\n","protected":false},"featured_media":15493,"template":"","format":"standard","blog-category":[207],"class_list":["post-19269","blog","type-blog","status-publish","format-standard","has-post-thumbnail","hentry","blog-category-artiklar"],"yoast_head":"<!-- This site is optimized with the Yoast SEO Premium plugin v27.3 (Yoast SEO v27.4) - https:\/\/yoast.com\/product\/yoast-seo-premium-wordpress\/ -->\n<title>Sverige inf\u00f6rlivar EU:s visselbl\u00e5sardirektiv i nationell lag - Whistlelink<\/title>\n<meta name=\"description\" content=\"Sverige v\u00e4ljer att g\u00e5 l\u00e4ngre \u00e4n minimikraven i EU:s visselbl\u00e5sardirektiv, n\u00e4r man nu inf\u00f6rlivar direktivet i svensk lagstiftning.\" \/>\n<meta name=\"robots\" content=\"index, follow, max-snippet:-1, max-image-preview:large, max-video-preview:-1\" \/>\n<link rel=\"canonical\" href=\"https:\/\/www.whistlelink.com\/sv\/blog\/sverige-inforlivar-eus-visselblasardirektiv-i-nationell-lagstiftning\/\" \/>\n<meta property=\"og:locale\" content=\"sv_SE\" \/>\n<meta property=\"og:type\" content=\"article\" \/>\n<meta property=\"og:title\" content=\"Sverige inf\u00f6rlivar EU:s visselbl\u00e5sardirektiv i nationell lagstiftning\" \/>\n<meta property=\"og:description\" content=\"Sverige v\u00e4ljer att g\u00e5 l\u00e4ngre \u00e4n minimikraven i EU:s visselbl\u00e5sardirektiv, n\u00e4r man nu inf\u00f6rlivar direktivet i svensk lagstiftning.\" \/>\n<meta property=\"og:url\" content=\"https:\/\/www.whistlelink.com\/sv\/blog\/sverige-inforlivar-eus-visselblasardirektiv-i-nationell-lagstiftning\/\" \/>\n<meta property=\"og:site_name\" content=\"Whistlelink\" \/>\n<meta property=\"article:publisher\" content=\"https:\/\/www.facebook.com\/whistlelink\/\" \/>\n<meta property=\"article:modified_time\" content=\"2022-05-30T07:45:03+00:00\" \/>\n<meta property=\"og:image\" content=\"https:\/\/www.whistlelink.com\/wp-content\/uploads\/2021\/10\/Swedish_Riksdag_Melker_Dahlstrand.jpg\" \/>\n\t<meta property=\"og:image:width\" content=\"1200\" \/>\n\t<meta property=\"og:image:height\" content=\"628\" \/>\n\t<meta property=\"og:image:type\" content=\"image\/jpeg\" \/>\n<meta name=\"twitter:card\" content=\"summary_large_image\" \/>\n<meta name=\"twitter:label1\" content=\"Ber\u00e4knad l\u00e4stid\" \/>\n\t<meta name=\"twitter:data1\" content=\"2 minuter\" \/>\n<script type=\"application\/ld+json\" class=\"yoast-schema-graph\">{\"@context\":\"https:\\\/\\\/schema.org\",\"@graph\":[{\"@type\":\"WebPage\",\"@id\":\"https:\\\/\\\/www.whistlelink.com\\\/sv\\\/blog\\\/sverige-inforlivar-eus-visselblasardirektiv-i-nationell-lagstiftning\\\/\",\"url\":\"https:\\\/\\\/www.whistlelink.com\\\/sv\\\/blog\\\/sverige-inforlivar-eus-visselblasardirektiv-i-nationell-lagstiftning\\\/\",\"name\":\"Sverige inf\u00f6rlivar EU:s visselbl\u00e5sardirektiv i nationell lag - Whistlelink\",\"isPartOf\":{\"@id\":\"https:\\\/\\\/www.whistlelink.com\\\/sv\\\/#website\"},\"primaryImageOfPage\":{\"@id\":\"https:\\\/\\\/www.whistlelink.com\\\/sv\\\/blog\\\/sverige-inforlivar-eus-visselblasardirektiv-i-nationell-lagstiftning\\\/#primaryimage\"},\"image\":{\"@id\":\"https:\\\/\\\/www.whistlelink.com\\\/sv\\\/blog\\\/sverige-inforlivar-eus-visselblasardirektiv-i-nationell-lagstiftning\\\/#primaryimage\"},\"thumbnailUrl\":\"https:\\\/\\\/www.whistlelink.com\\\/wp-content\\\/uploads\\\/2021\\\/10\\\/Swedish_Riksdag_Melker_Dahlstrand.jpg\",\"datePublished\":\"2021-10-13T11:32:53+00:00\",\"dateModified\":\"2022-05-30T07:45:03+00:00\",\"description\":\"Sverige v\u00e4ljer att g\u00e5 l\u00e4ngre \u00e4n minimikraven i EU:s visselbl\u00e5sardirektiv, n\u00e4r man nu inf\u00f6rlivar direktivet i svensk lagstiftning.\",\"breadcrumb\":{\"@id\":\"https:\\\/\\\/www.whistlelink.com\\\/sv\\\/blog\\\/sverige-inforlivar-eus-visselblasardirektiv-i-nationell-lagstiftning\\\/#breadcrumb\"},\"inLanguage\":\"sv-SE\",\"potentialAction\":[{\"@type\":\"ReadAction\",\"target\":[\"https:\\\/\\\/www.whistlelink.com\\\/sv\\\/blog\\\/sverige-inforlivar-eus-visselblasardirektiv-i-nationell-lagstiftning\\\/\"]}]},{\"@type\":\"ImageObject\",\"inLanguage\":\"sv-SE\",\"@id\":\"https:\\\/\\\/www.whistlelink.com\\\/sv\\\/blog\\\/sverige-inforlivar-eus-visselblasardirektiv-i-nationell-lagstiftning\\\/#primaryimage\",\"url\":\"https:\\\/\\\/www.whistlelink.com\\\/wp-content\\\/uploads\\\/2021\\\/10\\\/Swedish_Riksdag_Melker_Dahlstrand.jpg\",\"contentUrl\":\"https:\\\/\\\/www.whistlelink.com\\\/wp-content\\\/uploads\\\/2021\\\/10\\\/Swedish_Riksdag_Melker_Dahlstrand.jpg\",\"width\":1200,\"height\":628,\"caption\":\"Sverige inf\u00f6rlivar EU:s visselbl\u00e5sardirektiv i nationell lag.\"},{\"@type\":\"BreadcrumbList\",\"@id\":\"https:\\\/\\\/www.whistlelink.com\\\/sv\\\/blog\\\/sverige-inforlivar-eus-visselblasardirektiv-i-nationell-lagstiftning\\\/#breadcrumb\",\"itemListElement\":[{\"@type\":\"ListItem\",\"position\":1,\"name\":\"Home\",\"item\":\"https:\\\/\\\/www.whistlelink.com\\\/sv\\\/\"},{\"@type\":\"ListItem\",\"position\":2,\"name\":\"Blog\",\"item\":\"https:\\\/\\\/www.whistlelink.com\\\/sv\\\/blog\\\/\"},{\"@type\":\"ListItem\",\"position\":3,\"name\":\"Sverige inf\u00f6rlivar EU:s visselbl\u00e5sardirektiv i nationell lagstiftning\"}]},{\"@type\":\"WebSite\",\"@id\":\"https:\\\/\\\/www.whistlelink.com\\\/sv\\\/#website\",\"url\":\"https:\\\/\\\/www.whistlelink.com\\\/sv\\\/\",\"name\":\"Whistlelink\",\"description\":\"A trusted provider of secure whistleblowing solutions.\",\"publisher\":{\"@id\":\"https:\\\/\\\/www.whistlelink.com\\\/sv\\\/#organization\"},\"potentialAction\":[{\"@type\":\"SearchAction\",\"target\":{\"@type\":\"EntryPoint\",\"urlTemplate\":\"https:\\\/\\\/www.whistlelink.com\\\/sv\\\/?s={search_term_string}\"},\"query-input\":{\"@type\":\"PropertyValueSpecification\",\"valueRequired\":true,\"valueName\":\"search_term_string\"}}],\"inLanguage\":\"sv-SE\"},{\"@type\":\"Organization\",\"@id\":\"https:\\\/\\\/www.whistlelink.com\\\/sv\\\/#organization\",\"name\":\"Whistlelink\",\"url\":\"https:\\\/\\\/www.whistlelink.com\\\/sv\\\/\",\"logo\":{\"@type\":\"ImageObject\",\"inLanguage\":\"sv-SE\",\"@id\":\"https:\\\/\\\/www.whistlelink.com\\\/sv\\\/#\\\/schema\\\/logo\\\/image\\\/\",\"url\":\"https:\\\/\\\/www.whistlelink.com\\\/wp-content\\\/uploads\\\/2021\\\/07\\\/WhistlelinkLogoEmail.png\",\"contentUrl\":\"https:\\\/\\\/www.whistlelink.com\\\/wp-content\\\/uploads\\\/2021\\\/07\\\/WhistlelinkLogoEmail.png\",\"width\":704,\"height\":75,\"caption\":\"Whistlelink\"},\"image\":{\"@id\":\"https:\\\/\\\/www.whistlelink.com\\\/sv\\\/#\\\/schema\\\/logo\\\/image\\\/\"},\"sameAs\":[\"https:\\\/\\\/www.facebook.com\\\/whistlelink\\\/\",\"https:\\\/\\\/www.linkedin.com\\\/company\\\/whistlelink\\\/\",\"https:\\\/\\\/vimeo.com\\\/user152082481\"]}]}<\/script>\n<!-- \/ Yoast SEO Premium plugin. -->","yoast_head_json":{"title":"Sverige inf\u00f6rlivar EU:s visselbl\u00e5sardirektiv i nationell lag - Whistlelink","description":"Sverige v\u00e4ljer att g\u00e5 l\u00e4ngre \u00e4n minimikraven i EU:s visselbl\u00e5sardirektiv, n\u00e4r man nu inf\u00f6rlivar direktivet i svensk lagstiftning.","robots":{"index":"index","follow":"follow","max-snippet":"max-snippet:-1","max-image-preview":"max-image-preview:large","max-video-preview":"max-video-preview:-1"},"canonical":"https:\/\/www.whistlelink.com\/sv\/blog\/sverige-inforlivar-eus-visselblasardirektiv-i-nationell-lagstiftning\/","og_locale":"sv_SE","og_type":"article","og_title":"Sverige inf\u00f6rlivar EU:s visselbl\u00e5sardirektiv i nationell lagstiftning","og_description":"Sverige v\u00e4ljer att g\u00e5 l\u00e4ngre \u00e4n minimikraven i EU:s visselbl\u00e5sardirektiv, n\u00e4r man nu inf\u00f6rlivar direktivet i svensk lagstiftning.","og_url":"https:\/\/www.whistlelink.com\/sv\/blog\/sverige-inforlivar-eus-visselblasardirektiv-i-nationell-lagstiftning\/","og_site_name":"Whistlelink","article_publisher":"https:\/\/www.facebook.com\/whistlelink\/","article_modified_time":"2022-05-30T07:45:03+00:00","og_image":[{"width":1200,"height":628,"url":"https:\/\/www.whistlelink.com\/wp-content\/uploads\/2021\/10\/Swedish_Riksdag_Melker_Dahlstrand.jpg","type":"image\/jpeg"}],"twitter_card":"summary_large_image","twitter_misc":{"Ber\u00e4knad l\u00e4stid":"2 minuter"},"schema":{"@context":"https:\/\/schema.org","@graph":[{"@type":"WebPage","@id":"https:\/\/www.whistlelink.com\/sv\/blog\/sverige-inforlivar-eus-visselblasardirektiv-i-nationell-lagstiftning\/","url":"https:\/\/www.whistlelink.com\/sv\/blog\/sverige-inforlivar-eus-visselblasardirektiv-i-nationell-lagstiftning\/","name":"Sverige inf\u00f6rlivar EU:s visselbl\u00e5sardirektiv i nationell lag - Whistlelink","isPartOf":{"@id":"https:\/\/www.whistlelink.com\/sv\/#website"},"primaryImageOfPage":{"@id":"https:\/\/www.whistlelink.com\/sv\/blog\/sverige-inforlivar-eus-visselblasardirektiv-i-nationell-lagstiftning\/#primaryimage"},"image":{"@id":"https:\/\/www.whistlelink.com\/sv\/blog\/sverige-inforlivar-eus-visselblasardirektiv-i-nationell-lagstiftning\/#primaryimage"},"thumbnailUrl":"https:\/\/www.whistlelink.com\/wp-content\/uploads\/2021\/10\/Swedish_Riksdag_Melker_Dahlstrand.jpg","datePublished":"2021-10-13T11:32:53+00:00","dateModified":"2022-05-30T07:45:03+00:00","description":"Sverige v\u00e4ljer att g\u00e5 l\u00e4ngre \u00e4n minimikraven i EU:s visselbl\u00e5sardirektiv, n\u00e4r man nu inf\u00f6rlivar direktivet i svensk lagstiftning.","breadcrumb":{"@id":"https:\/\/www.whistlelink.com\/sv\/blog\/sverige-inforlivar-eus-visselblasardirektiv-i-nationell-lagstiftning\/#breadcrumb"},"inLanguage":"sv-SE","potentialAction":[{"@type":"ReadAction","target":["https:\/\/www.whistlelink.com\/sv\/blog\/sverige-inforlivar-eus-visselblasardirektiv-i-nationell-lagstiftning\/"]}]},{"@type":"ImageObject","inLanguage":"sv-SE","@id":"https:\/\/www.whistlelink.com\/sv\/blog\/sverige-inforlivar-eus-visselblasardirektiv-i-nationell-lagstiftning\/#primaryimage","url":"https:\/\/www.whistlelink.com\/wp-content\/uploads\/2021\/10\/Swedish_Riksdag_Melker_Dahlstrand.jpg","contentUrl":"https:\/\/www.whistlelink.com\/wp-content\/uploads\/2021\/10\/Swedish_Riksdag_Melker_Dahlstrand.jpg","width":1200,"height":628,"caption":"Sverige inf\u00f6rlivar EU:s visselbl\u00e5sardirektiv i nationell lag."},{"@type":"BreadcrumbList","@id":"https:\/\/www.whistlelink.com\/sv\/blog\/sverige-inforlivar-eus-visselblasardirektiv-i-nationell-lagstiftning\/#breadcrumb","itemListElement":[{"@type":"ListItem","position":1,"name":"Home","item":"https:\/\/www.whistlelink.com\/sv\/"},{"@type":"ListItem","position":2,"name":"Blog","item":"https:\/\/www.whistlelink.com\/sv\/blog\/"},{"@type":"ListItem","position":3,"name":"Sverige inf\u00f6rlivar EU:s visselbl\u00e5sardirektiv i nationell lagstiftning"}]},{"@type":"WebSite","@id":"https:\/\/www.whistlelink.com\/sv\/#website","url":"https:\/\/www.whistlelink.com\/sv\/","name":"Whistlelink","description":"A trusted provider of secure whistleblowing solutions.","publisher":{"@id":"https:\/\/www.whistlelink.com\/sv\/#organization"},"potentialAction":[{"@type":"SearchAction","target":{"@type":"EntryPoint","urlTemplate":"https:\/\/www.whistlelink.com\/sv\/?s={search_term_string}"},"query-input":{"@type":"PropertyValueSpecification","valueRequired":true,"valueName":"search_term_string"}}],"inLanguage":"sv-SE"},{"@type":"Organization","@id":"https:\/\/www.whistlelink.com\/sv\/#organization","name":"Whistlelink","url":"https:\/\/www.whistlelink.com\/sv\/","logo":{"@type":"ImageObject","inLanguage":"sv-SE","@id":"https:\/\/www.whistlelink.com\/sv\/#\/schema\/logo\/image\/","url":"https:\/\/www.whistlelink.com\/wp-content\/uploads\/2021\/07\/WhistlelinkLogoEmail.png","contentUrl":"https:\/\/www.whistlelink.com\/wp-content\/uploads\/2021\/07\/WhistlelinkLogoEmail.png","width":704,"height":75,"caption":"Whistlelink"},"image":{"@id":"https:\/\/www.whistlelink.com\/sv\/#\/schema\/logo\/image\/"},"sameAs":["https:\/\/www.facebook.com\/whistlelink\/","https:\/\/www.linkedin.com\/company\/whistlelink\/","https:\/\/vimeo.com\/user152082481"]}]}},"_links":{"self":[{"href":"https:\/\/www.whistlelink.com\/sv\/wp-json\/wp\/v2\/blog\/19269","targetHints":{"allow":["GET"]}}],"collection":[{"href":"https:\/\/www.whistlelink.com\/sv\/wp-json\/wp\/v2\/blog"}],"about":[{"href":"https:\/\/www.whistlelink.com\/sv\/wp-json\/wp\/v2\/types\/blog"}],"version-history":[{"count":0,"href":"https:\/\/www.whistlelink.com\/sv\/wp-json\/wp\/v2\/blog\/19269\/revisions"}],"wp:featuredmedia":[{"embeddable":true,"href":"https:\/\/www.whistlelink.com\/sv\/wp-json\/wp\/v2\/media\/15493"}],"wp:attachment":[{"href":"https:\/\/www.whistlelink.com\/sv\/wp-json\/wp\/v2\/media?parent=19269"}],"wp:term":[{"taxonomy":"blog-category","embeddable":true,"href":"https:\/\/www.whistlelink.com\/sv\/wp-json\/wp\/v2\/blog-category?post=19269"}],"curies":[{"name":"wp","href":"https:\/\/api.w.org\/{rel}","templated":true}]}}